{"id":9666,"date":"2026-05-01T23:33:55","date_gmt":"2026-05-01T21:33:55","guid":{"rendered":"https:\/\/suisse-fibromyalgie.ch\/?p=9666"},"modified":"2026-05-01T23:35:34","modified_gmt":"2026-05-01T21:35:34","slug":"avogadro-audrey","status":"publish","type":"post","link":"https:\/\/suisse-fibromyalgie.ch\/it\/avogadro-audrey\/","title":{"rendered":"Avogadro Audrey\u00a0"},"content":{"rendered":"<div data-elementor-type=\"wp-post\" data-elementor-id=\"9666\" class=\"elementor elementor-9666\" data-elementor-post-type=\"post\">\n\t\t\t\t\t\t<section class=\"elementor-section elementor-top-section elementor-element elementor-element-8565c3d elementor-section-boxed elementor-section-height-default elementor-section-height-default\" data-id=\"8565c3d\" data-element_type=\"section\" data-e-type=\"section\">\n\t\t\t\t\t\t<div class=\"elementor-container elementor-column-gap-default\">\n\t\t\t\t\t<div class=\"elementor-column elementor-col-33 elementor-top-column elementor-element elementor-element-b01192d\" data-id=\"b01192d\" data-element_type=\"column\" data-e-type=\"column\">\n\t\t\t<div class=\"elementor-widget-wrap elementor-element-populated\">\n\t\t\t\t\t\t<div class=\"elementor-element elementor-element-f924ef3 elementor-widget elementor-widget-image\" data-id=\"f924ef3\" data-element_type=\"widget\" data-e-type=\"widget\" data-widget_type=\"image.default\">\n\t\t\t\t<div class=\"elementor-widget-container\">\n\t\t\t\t\t\t\t\t\t\t\t\t\t\t\t<img fetchpriority=\"high\" decoding=\"async\" width=\"204\" height=\"343\" src=\"https:\/\/suisse-fibromyalgie.ch\/wp-content\/uploads\/Avogadro-Audrey.jpg\" class=\"attachment-large size-large wp-image-5872\" alt=\"\" srcset=\"https:\/\/suisse-fibromyalgie.ch\/wp-content\/uploads\/Avogadro-Audrey.jpg 204w, https:\/\/suisse-fibromyalgie.ch\/wp-content\/uploads\/Avogadro-Audrey-178x300.jpg 178w, https:\/\/suisse-fibromyalgie.ch\/wp-content\/uploads\/Avogadro-Audrey-7x12.jpg 7w\" sizes=\"(max-width: 204px) 100vw, 204px\" \/>\t\t\t\t\t\t\t\t\t\t\t\t\t\t\t<\/div>\n\t\t\t\t<\/div>\n\t\t\t\t\t<\/div>\n\t\t<\/div>\n\t\t\t\t<div class=\"elementor-column elementor-col-66 elementor-top-column elementor-element elementor-element-d948d47\" data-id=\"d948d47\" data-element_type=\"column\" data-e-type=\"column\">\n\t\t\t<div class=\"elementor-widget-wrap elementor-element-populated\">\n\t\t\t\t\t\t<div class=\"elementor-element elementor-element-f89410e elementor-widget elementor-widget-text-editor\" data-id=\"f89410e\" data-element_type=\"widget\" data-e-type=\"widget\" data-widget_type=\"text-editor.default\">\n\t\t\t\t<div class=\"elementor-widget-container\">\n\t\t\t\t\t\t\t\t\t<p class=\"font_9 wixui-rich-text__text\"><span class=\"wixui-rich-text__text\"><span class=\"color_15 wixui-rich-text__text\">Je m\u2019appelle Audrey,<\/span><\/span><\/p><p class=\"font_9 wixui-rich-text__text\"><span class=\"wixui-rich-text__text\"><span class=\"color_15 wixui-rich-text__text\">Enseignante de profession et dipl\u00f4m\u00e9e d\u2019une ma\u00eetrise en psychologie du d\u00e9veloppement,<\/span><\/span><span class=\"color_15 wixui-rich-text__text\">\u00a0je prends part depuis plusieurs ann\u00e9es sur mon temps libre \u00e0 diff\u00e9rentes formations qui m\u2019ont permis d\u2019approfondir mon d\u00e9veloppement personnel, mais aussi d\u2019apporter une \u00e9coute attentive, un soutien et des gu\u00e9risons aux personnes demandeuses.\u00a0<\/span><\/p><p class=\"font_9 wixui-rich-text__text\"><span class=\"wixui-rich-text__text\"><span class=\"color_15 wixui-rich-text__text\">J\u2019ai d\u00e9couvert le reiki et pass\u00e9 mon premier degr\u00e9 en 2014. Passionn\u00e9e par cet apprentissage et le travail personnel qu\u2019il m\u2019a permis d\u2019effectuer, j\u2019ai continu\u00e9 jusqu\u2019au niveau de ma\u00eetrise.<\/span><\/span><\/p><p class=\"font_9 wixui-rich-text__text\"><span class=\"color_15 wixui-rich-text__text\">J\u2019ai donc mes dipl\u00f4mes en tant que ma\u00eetre formatrice en reiki depuis 2018. En parall\u00e8le j\u2019ai eu l\u2019occasion de continuer de me former dans divers domaines spirituels (laochi, chamanisme, radiesth\u00e9sie, vies ant\u00e9rieures, chromoth\u00e9rapies).<\/span><\/p><p class=\"font_9 wixui-rich-text__text\"><span class=\"color_15 wixui-rich-text__text\"><span class=\"wixui-rich-text__text\">La formation en chromoth\u00e9rapie (ou th\u00e9rapie par les couleurs) m\u2019a permis d\u2019obtenir la validation et la reconnaissance des\u00a0<a class=\"wixui-rich-text__text\" href=\"https:\/\/www.graine-de-conscience.com\/blank-4\" target=\"_self\" data-anchor=\"dataItem-lna6pgda\">riconosciuto dall'ASCA,<\/a>\u00a0acronimo 275.\u00a0<\/span><\/span><\/p><p class=\"font_9 wixui-rich-text__text\"><span class=\"color_15 wixui-rich-text__text\"><span class=\"wixui-rich-text__text\">(RME d\u2019ici la fin de l\u2019ann\u00e9e).<\/span><\/span><\/p><p class=\"font_9 wixui-rich-text__text\"><span class=\"wixui-rich-text__text\"><span class=\"color_15 wixui-rich-text__text\">\u00a0Durant les s\u00e9ances, je m\u2019engage \u00e0 aider mes clients, \u00e0 les accompagner dans leurs transitions physiques, \u00e9motionnelles et spirituelles de la mani\u00e8re la plus professionnelle et bienveillante possible. Les soins<\/span><\/span><span class=\"wixui-rich-text__text\"><span class=\"color_15 wixui-rich-text__text\">\u00a0sont sp\u00e9cialement adapt\u00e9s aux besoins de chacun afin de\u00a0 b\u00e9n\u00e9ficier de l\u2019approche la plus appropri\u00e9e.<\/span><\/span><\/p><p class=\"font_9 wixui-rich-text__text\"><span class=\"wixui-rich-text__text\"><span class=\"color_15 wixui-rich-text__text\">N\u2019h\u00e9sitez pas \u00e0 me contacter pour <strong><a href=\"https:\/\/www.graine-de-conscience.com\/\">en savoir plus\u00a0<\/a><\/strong><\/span><\/span><\/p>\t\t\t\t\t\t\t\t<\/div>\n\t\t\t\t<\/div>\n\t\t\t\t\t<\/div>\n\t\t<\/div>\n\t\t\t\t\t<\/div>\n\t\t<\/section>\n\t\t\t\t<\/div>","protected":false},"excerpt":{"rendered":"<p>Friburgo: Aubert Chantal<\/p>","protected":false},"author":569,"featured_media":5872,"comment_status":"open","ping_status":"open","sticky":false,"template":"","format":"standard","meta":{"footnotes":""},"categories":[215,227],"tags":[],"class_list":["post-9666","post","type-post","status-publish","format-standard","has-post-thumbnail","hentry","category-therapeutes","category-valais"],"publishpress_future_action":{"enabled":false,"date":"2026-05-09 08:24:44","action":"change-status","newStatus":"draft","terms":[],"taxonomy":"category","extraData":[]},"publishpress_future_workflow_manual_trigger":{"enabledWorkflows":[]},"_links":{"self":[{"href":"https:\/\/suisse-fibromyalgie.ch\/it\/wp-json\/wp\/v2\/posts\/9666","targetHints":{"allow":["GET"]}}],"collection":[{"href":"https:\/\/suisse-fibromyalgie.ch\/it\/wp-json\/wp\/v2\/posts"}],"about":[{"href":"https:\/\/suisse-fibromyalgie.ch\/it\/wp-json\/wp\/v2\/types\/post"}],"author":[{"embeddable":true,"href":"https:\/\/suisse-fibromyalgie.ch\/it\/wp-json\/wp\/v2\/users\/569"}],"replies":[{"embeddable":true,"href":"https:\/\/suisse-fibromyalgie.ch\/it\/wp-json\/wp\/v2\/comments?post=9666"}],"version-history":[{"count":4,"href":"https:\/\/suisse-fibromyalgie.ch\/it\/wp-json\/wp\/v2\/posts\/9666\/revisions"}],"predecessor-version":[{"id":9670,"href":"https:\/\/suisse-fibromyalgie.ch\/it\/wp-json\/wp\/v2\/posts\/9666\/revisions\/9670"}],"wp:featuredmedia":[{"embeddable":true,"href":"https:\/\/suisse-fibromyalgie.ch\/it\/wp-json\/wp\/v2\/media\/5872"}],"wp:attachment":[{"href":"https:\/\/suisse-fibromyalgie.ch\/it\/wp-json\/wp\/v2\/media?parent=9666"}],"wp:term":[{"taxonomy":"category","embeddable":true,"href":"https:\/\/suisse-fibromyalgie.ch\/it\/wp-json\/wp\/v2\/categories?post=9666"},{"taxonomy":"post_tag","embeddable":true,"href":"https:\/\/suisse-fibromyalgie.ch\/it\/wp-json\/wp\/v2\/tags?post=9666"}],"curies":[{"name":"wp","href":"https:\/\/api.w.org\/{rel}","templated":true}]}}