{"id":9661,"date":"2026-05-01T23:29:22","date_gmt":"2026-05-01T21:29:22","guid":{"rendered":"https:\/\/suisse-fibromyalgie.ch\/?p=9661"},"modified":"2026-05-01T23:32:03","modified_gmt":"2026-05-01T21:32:03","slug":"ries-reynald","status":"publish","type":"post","link":"https:\/\/suisse-fibromyalgie.ch\/it\/ries-reynald\/","title":{"rendered":"Ries Reynald\u00a0"},"content":{"rendered":"<div data-elementor-type=\"wp-post\" data-elementor-id=\"9661\" class=\"elementor elementor-9661\" data-elementor-post-type=\"post\">\n\t\t\t\t\t\t<section class=\"elementor-section elementor-top-section elementor-element elementor-element-b171fdf elementor-section-boxed elementor-section-height-default elementor-section-height-default\" data-id=\"b171fdf\" data-element_type=\"section\" data-e-type=\"section\">\n\t\t\t\t\t\t<div class=\"elementor-container elementor-column-gap-default\">\n\t\t\t\t\t<div class=\"elementor-column elementor-col-33 elementor-top-column elementor-element elementor-element-e8a4170\" data-id=\"e8a4170\" data-element_type=\"column\" data-e-type=\"column\">\n\t\t\t<div class=\"elementor-widget-wrap elementor-element-populated\">\n\t\t\t\t\t\t<div class=\"elementor-element elementor-element-df27e36 elementor-widget elementor-widget-image\" data-id=\"df27e36\" data-element_type=\"widget\" data-e-type=\"widget\" data-widget_type=\"image.default\">\n\t\t\t\t<div class=\"elementor-widget-container\">\n\t\t\t\t\t\t\t\t\t\t\t\t\t\t\t<img fetchpriority=\"high\" decoding=\"async\" width=\"614\" height=\"455\" src=\"https:\/\/suisse-fibromyalgie.ch\/wp-content\/uploads\/Ries-Reynald.jpg\" class=\"attachment-large size-large wp-image-8677\" alt=\"\" srcset=\"https:\/\/suisse-fibromyalgie.ch\/wp-content\/uploads\/Ries-Reynald.jpg 614w, https:\/\/suisse-fibromyalgie.ch\/wp-content\/uploads\/Ries-Reynald-300x222.jpg 300w, https:\/\/suisse-fibromyalgie.ch\/wp-content\/uploads\/Ries-Reynald-16x12.jpg 16w\" sizes=\"(max-width: 614px) 100vw, 614px\" \/>\t\t\t\t\t\t\t\t\t\t\t\t\t\t\t<\/div>\n\t\t\t\t<\/div>\n\t\t\t\t\t<\/div>\n\t\t<\/div>\n\t\t\t\t<div class=\"elementor-column elementor-col-66 elementor-top-column elementor-element elementor-element-8df9577\" data-id=\"8df9577\" data-element_type=\"column\" data-e-type=\"column\">\n\t\t\t<div class=\"elementor-widget-wrap elementor-element-populated\">\n\t\t\t\t\t\t<div class=\"elementor-element elementor-element-7fe401d elementor-widget elementor-widget-text-editor\" data-id=\"7fe401d\" data-element_type=\"widget\" data-e-type=\"widget\" data-widget_type=\"text-editor.default\">\n\t\t\t\t<div class=\"elementor-widget-container\">\n\t\t\t\t\t\t\t\t\t<h5 class=\"elementor-heading-title elementor-size-default\">Coaching mental, \u00e9motionnel &amp; bien-\u00eatre, sonoth\u00e9rapie aux diapasons, reiki et relaxologie<\/h5><h5><strong>\u00c8 possibile alleviare la fibromialgia, i dolori reumatici e muscolari<\/strong>\u00a0<img decoding=\"async\" class=\"emoji\" role=\"img\" draggable=\"false\" src=\"https:\/\/s.w.org\/images\/core\/emoji\/17.0.2\/svg\/1f525.svg\" alt=\"\ud83d\udd25\" \/><\/h5><p>Permettetemi di presentarmi brevemente.<\/p><p>Nel 2020 la mia vita \u00e8 esplosa. Un errore medico (perizia FMH), che ha pregiudicato la longevit\u00e0 della vita di mia moglie. Tre anni di sofferenza, caos interiore e forza bruta di resilienza. Ne sono uscito. Da solo. Lentamente. Con determinazione e con tutta la resilienza possibile.<\/p><p>Ed \u00e8 stato proprio questo caos a permettermi di cambiare la mia vita.<\/p><p>Come ex agente di polizia, specialista in sicurezza e titolare di varie qualifiche federali (tra cui quella di agente di sicurezza ospedaliera), ho scelto una strada diversa. La cura. Quella umana.<\/p><p>Dal 2021, mi sono formata senza sosta in trattamenti complementari: Reiki, ayurveda, litoterapia, relaxologia, sonoterapia, PNL, coaching emozionale, 1<sup>er<\/sup>\u00a0C'\u00e8 sempre di pi\u00f9 da imparare e da fare per servire coloro che soffrono.<\/p><p>Non gadget. Solo strumenti concreti. Pratiche serie. Metodi sperimentati e testati.<\/p><p>Sono sempre stato affascinato dal suono e dalle vibrazioni. Come la maggior parte delle persone, sapevo che il suono poteva danneggiare il corpo. Poi ho visto che veniva usato per disperdere le folle e distruggere gli oggetti.<\/p><p>Ma scoprendo\u00a0<strong>Terapia del suono con diapason, ciotole tibetane o di cristallo,<\/strong>\u00a0Ci ho messo il dito sopra\u00a0<strong>qualcosa di potente;<\/strong>\u00a0una vibrazione mirata, su frequenze specifiche, in grado di lenire la mente e il corpo dove il dolore \u00e8 radicato da anni. Cos\u00ec mi alleno, imparo, cerco e imparo.<\/p><p>Je pratique sur diff\u00e9rentes douleurs\u00a0: musculaires, articulaires, osseuses, mais pas que\u2026 L\u2019une de mes clientes, qui suit un traitement m\u00e9dicamenteux par suite d\u2019une r\u00e9cidive de son cancer du sein \u00e9prouve des bienfaits avec un m\u00e9lange de soin reiki et de sonoth\u00e9rapie au diapason.<\/p><p>La testimonianza di Louise\u00a0<a href=\"https:\/\/www.youtube.com\/shorts\/NB4StdWhu60\" target=\"_blank\" rel=\"noopener\">https:\/\/www.youtube.com\/shorts\/NB4StdWhu60<\/a><\/p>\t\t\t\t\t\t\t\t<\/div>\n\t\t\t\t<\/div>\n\t\t\t\t\t<\/div>\n\t\t<\/div>\n\t\t\t\t\t<\/div>\n\t\t<\/section>\n\t\t\t\t<section class=\"elementor-section elementor-top-section elementor-element elementor-element-ba52c4f elementor-section-boxed elementor-section-height-default elementor-section-height-default\" data-id=\"ba52c4f\" data-element_type=\"section\" data-e-type=\"section\">\n\t\t\t\t\t\t<div class=\"elementor-container elementor-column-gap-default\">\n\t\t\t\t\t<div class=\"elementor-column elementor-col-100 elementor-top-column elementor-element elementor-element-cf361a3\" data-id=\"cf361a3\" data-element_type=\"column\" data-e-type=\"column\">\n\t\t\t<div class=\"elementor-widget-wrap elementor-element-populated\">\n\t\t\t\t\t\t<div class=\"elementor-element elementor-element-1dc6dd9 elementor-widget elementor-widget-text-editor\" data-id=\"1dc6dd9\" data-element_type=\"widget\" data-e-type=\"widget\" data-widget_type=\"text-editor.default\">\n\t\t\t\t<div class=\"elementor-widget-container\">\n\t\t\t\t\t\t\t\t\t<section class=\"elementor-section elementor-top-section elementor-element elementor-element-38aa8a1 elementor-section-boxed elementor-section-height-default elementor-section-height-default\" data-id=\"38aa8a1\" data-element_type=\"section\" data-e-type=\"section\"><div class=\"elementor-container elementor-column-gap-default\"><div class=\"elementor-column elementor-col-100 elementor-top-column elementor-element elementor-element-9ccf3dc\" data-id=\"9ccf3dc\" data-element_type=\"column\" data-e-type=\"column\"><div class=\"elementor-widget-wrap elementor-element-populated\"><div class=\"elementor-element elementor-element-4815149 elementor-widget elementor-widget-text-editor\" data-id=\"4815149\" data-element_type=\"widget\" data-e-type=\"widget\" data-widget_type=\"text-editor.default\"><div class=\"elementor-widget-container\"><h5><strong>Poi ho incontrato una persona con una grave fibromialgia e una malattia del disco!<\/strong><\/h5><p>Dolore cronico. Stanchezza opprimente. Perdita di mobilit\u00e0. Nebbia mentale. Una sofferenza quotidiana, per non parlare del suo stato emotivo. Terribile per lei che \u00e8 una sportiva di alto livello.<\/p><p>Testimonianza di Sylvie :\u00a0<a href=\"https:\/\/youtu.be\/3TalZdCEVS0\" target=\"_blank\" rel=\"noopener\">https:\/\/youtu.be\/3TalZdCEVS0<\/a><\/p><p>La invito a provare la terapia del suono e il rilassamento profondo. Viene, scettica. \"Nel peggiore dei casi non servir\u00e0 a nulla\", dice.<\/p><p>Testimonianza di Sylvie :\u00a0<a href=\"https:\/\/youtu.be\/oNWpY2Axs4A\" target=\"_blank\" rel=\"noopener\">https:\/\/youtu.be\/oNWpY2Axs4A<\/a><\/p><p><img decoding=\"async\" class=\"emoji\" role=\"img\" draggable=\"false\" src=\"https:\/\/s.w.org\/images\/core\/emoji\/17.0.2\/svg\/1f4a5.svg\" alt=\"\ud83d\udca5\" \/>\u00a0Apr\u00e8s la premi\u00e8re s\u00e9ance, elle sent quelque chose qui se passe sur le mental, Son scepticisme baisse.<\/p><p><img decoding=\"async\" class=\"emoji\" role=\"img\" draggable=\"false\" src=\"https:\/\/s.w.org\/images\/core\/emoji\/17.0.2\/svg\/1f4a5.svg\" alt=\"\ud83d\udca5\" \/>\u00a0La deuxi\u00e8me s\u00e9ance, a \u00e9t\u00e9 pour elle un rel\u00e2chement total.<br \/><img decoding=\"async\" class=\"emoji\" role=\"img\" draggable=\"false\" src=\"https:\/\/s.w.org\/images\/core\/emoji\/17.0.2\/svg\/1f4a5.svg\" alt=\"\ud83d\udca5\" \/>\u00a0Au fil des s\u00e9ances elle commence \u00e0 retrouver sa mobilit\u00e9.<\/p><p>Testimonianza di Sylvie :\u00a0<a href=\"https:\/\/youtu.be\/3lqOhsIYoAQ\" target=\"_blank\" rel=\"noopener\">https:\/\/youtu.be\/3lqOhsIYoAQ<\/a><\/p><p>Leggete qui l'articolo completo:\u00a0<a href=\"https:\/\/youtu.be\/dk62AbU74zU\" target=\"_blank\" rel=\"noopener\">https:\/\/youtu.be\/dk62AbU74zU<\/a><\/p><p>Non si tratta di magia, ma di rilassamento complementare e terapia del suono. Gli effetti sono stati dimostrati dallo studio del dottor Joris Bohnenkamp, condotto su una sessantina di donne affette da fibromialgia. I risultati sono noti:\u00a0<strong>aumento della mobilit\u00e0, riduzione del dolore, miglioramento della qualit\u00e0 di vita<\/strong>.<\/p><p>Non prometto miracoli: ognuno reagisce in modo diverso. Vi offro semplicemente uno spazio, un metodo, un sostegno umano, reale, solido - per alleggerirvi, per andare avanti, per vivere meglio.<\/p><p>Contattateci, parliamone, una sola seduta a volte pu\u00f2 stravolgere la vita di tutti i giorni.<\/p><p>Reynald<\/p><p>CH +41 79 100 1981\u00a0<\/p><p>FR +33 7 68 25 2851<\/p><\/div><\/div><\/div><\/div><\/div><\/section><section class=\"elementor-section elementor-top-section elementor-element elementor-element-fce1291 elementor-section-boxed elementor-section-height-default elementor-section-height-default\" data-id=\"fce1291\" data-element_type=\"section\" data-e-type=\"section\"><div class=\"elementor-container elementor-column-gap-default\"><div class=\"elementor-column elementor-col-50 elementor-top-column elementor-element elementor-element-3eb25a5\" data-id=\"3eb25a5\" data-element_type=\"column\" data-e-type=\"column\"><div class=\"elementor-widget-wrap elementor-element-populated\"><div class=\"elementor-element elementor-element-7b832d7 elementor-widget elementor-widget-text-editor\" data-id=\"7b832d7\" data-element_type=\"widget\" data-e-type=\"widget\" data-widget_type=\"text-editor.default\"><div class=\"elementor-widget-container\"><div id=\"bgLayers_comp-ljcvm8ir\" class=\"MW5IWV\" data-hook=\"bgLayers\" data-motion-part=\"BG_LAYER\"><div id=\"bgMedia_comp-ljcvm8ir\" class=\"VgO9Yg\" data-motion-part=\"BG_MEDIA\">Situato a Corcelles-Cormondr\u00e8che.<\/div><\/div><\/div><\/div><\/div><\/div><\/div><\/section>\t\t\t\t\t\t\t\t<\/div>\n\t\t\t\t<\/div>\n\t\t\t\t\t<\/div>\n\t\t<\/div>\n\t\t\t\t\t<\/div>\n\t\t<\/section>\n\t\t\t\t<\/div>","protected":false},"excerpt":{"rendered":"<p>Friburgo: Aubert Chantal<\/p>","protected":false},"author":569,"featured_media":8677,"comment_status":"open","ping_status":"open","sticky":false,"template":"","format":"standard","meta":{"footnotes":""},"categories":[226,215],"tags":[],"class_list":["post-9661","post","type-post","status-publish","format-standard","has-post-thumbnail","hentry","category-neuchatel","category-therapeutes"],"publishpress_future_action":{"enabled":false,"date":"2026-05-09 09:31:10","action":"change-status","newStatus":"draft","terms":[],"taxonomy":"category","extraData":[]},"publishpress_future_workflow_manual_trigger":{"enabledWorkflows":[]},"_links":{"self":[{"href":"https:\/\/suisse-fibromyalgie.ch\/it\/wp-json\/wp\/v2\/posts\/9661","targetHints":{"allow":["GET"]}}],"collection":[{"href":"https:\/\/suisse-fibromyalgie.ch\/it\/wp-json\/wp\/v2\/posts"}],"about":[{"href":"https:\/\/suisse-fibromyalgie.ch\/it\/wp-json\/wp\/v2\/types\/post"}],"author":[{"embeddable":true,"href":"https:\/\/suisse-fibromyalgie.ch\/it\/wp-json\/wp\/v2\/users\/569"}],"replies":[{"embeddable":true,"href":"https:\/\/suisse-fibromyalgie.ch\/it\/wp-json\/wp\/v2\/comments?post=9661"}],"version-history":[{"count":4,"href":"https:\/\/suisse-fibromyalgie.ch\/it\/wp-json\/wp\/v2\/posts\/9661\/revisions"}],"predecessor-version":[{"id":9665,"href":"https:\/\/suisse-fibromyalgie.ch\/it\/wp-json\/wp\/v2\/posts\/9661\/revisions\/9665"}],"wp:featuredmedia":[{"embeddable":true,"href":"https:\/\/suisse-fibromyalgie.ch\/it\/wp-json\/wp\/v2\/media\/8677"}],"wp:attachment":[{"href":"https:\/\/suisse-fibromyalgie.ch\/it\/wp-json\/wp\/v2\/media?parent=9661"}],"wp:term":[{"taxonomy":"category","embeddable":true,"href":"https:\/\/suisse-fibromyalgie.ch\/it\/wp-json\/wp\/v2\/categories?post=9661"},{"taxonomy":"post_tag","embeddable":true,"href":"https:\/\/suisse-fibromyalgie.ch\/it\/wp-json\/wp\/v2\/tags?post=9661"}],"curies":[{"name":"wp","href":"https:\/\/api.w.org\/{rel}","templated":true}]}}