{"id":9651,"date":"2026-05-01T18:27:07","date_gmt":"2026-05-01T16:27:07","guid":{"rendered":"https:\/\/suisse-fibromyalgie.ch\/?p=9651"},"modified":"2026-05-01T18:28:04","modified_gmt":"2026-05-01T16:28:04","slug":"de-frino-florence-2","status":"publish","type":"post","link":"https:\/\/suisse-fibromyalgie.ch\/it\/de-frino-florence-2\/","title":{"rendered":"De Frino Firenze"},"content":{"rendered":"<div data-elementor-type=\"wp-post\" data-elementor-id=\"9651\" class=\"elementor elementor-9651\" data-elementor-post-type=\"post\">\n\t\t\t\t\t\t<section class=\"elementor-section elementor-top-section elementor-element elementor-element-0fb499b elementor-section-boxed elementor-section-height-default elementor-section-height-default\" data-id=\"0fb499b\" data-element_type=\"section\" data-e-type=\"section\">\n\t\t\t\t\t\t<div class=\"elementor-container elementor-column-gap-default\">\n\t\t\t\t\t<div class=\"elementor-column elementor-col-33 elementor-top-column elementor-element elementor-element-19ba4ad\" data-id=\"19ba4ad\" data-element_type=\"column\" data-e-type=\"column\">\n\t\t\t<div class=\"elementor-widget-wrap elementor-element-populated\">\n\t\t\t\t\t\t<div class=\"elementor-element elementor-element-c6cb545 elementor-widget elementor-widget-image\" data-id=\"c6cb545\" data-element_type=\"widget\" data-e-type=\"widget\" data-widget_type=\"image.default\">\n\t\t\t\t<div class=\"elementor-widget-container\">\n\t\t\t\t\t\t\t\t\t\t\t\t\t\t\t<img fetchpriority=\"high\" decoding=\"async\" width=\"772\" height=\"1024\" src=\"https:\/\/suisse-fibromyalgie.ch\/wp-content\/uploads\/De-Frino-Florence-772x1024.jpg\" class=\"attachment-large size-large wp-image-5591\" alt=\"\" srcset=\"https:\/\/suisse-fibromyalgie.ch\/wp-content\/uploads\/De-Frino-Florence-772x1024.jpg 772w, https:\/\/suisse-fibromyalgie.ch\/wp-content\/uploads\/De-Frino-Florence-226x300.jpg 226w, https:\/\/suisse-fibromyalgie.ch\/wp-content\/uploads\/De-Frino-Florence-768x1019.jpg 768w, https:\/\/suisse-fibromyalgie.ch\/wp-content\/uploads\/De-Frino-Florence-9x12.jpg 9w, https:\/\/suisse-fibromyalgie.ch\/wp-content\/uploads\/De-Frino-Florence.jpg 1158w\" sizes=\"(max-width: 772px) 100vw, 772px\" \/>\t\t\t\t\t\t\t\t\t\t\t\t\t\t\t<\/div>\n\t\t\t\t<\/div>\n\t\t\t\t\t<\/div>\n\t\t<\/div>\n\t\t\t\t<div class=\"elementor-column elementor-col-66 elementor-top-column elementor-element elementor-element-9e5c2ea\" data-id=\"9e5c2ea\" data-element_type=\"column\" data-e-type=\"column\">\n\t\t\t<div class=\"elementor-widget-wrap elementor-element-populated\">\n\t\t\t\t\t\t<div class=\"elementor-element elementor-element-ef2d954 elementor-widget elementor-widget-text-editor\" data-id=\"ef2d954\" data-element_type=\"widget\" data-e-type=\"widget\" data-widget_type=\"text-editor.default\">\n\t\t\t\t<div class=\"elementor-widget-container\">\n\t\t\t\t\t\t\t\t\t<p>Appassionata di aiutare gli altri, qualche anno fa ho deciso di cambiare direzione professionale.<\/p><p>Tutto \u00e8 iniziato con un corso di diploma in\u00a0<strong>rilassamento<\/strong>.<\/p><p>Poi, forte di questa esperienza, ho proseguito gli studi, che mi hanno permesso di ottenere il titolo di\u00a0<strong>Master in ipnosi<\/strong>.<\/p><p>Poich\u00e9 per natura sono molto stressata, ho testato le tecniche su me stessa e il risultato \u00e8 stato superiore alle mie aspettative.<\/p><p>In seguito, mi sono rivolta a vari corsi di formazione per poter fornire un supporto migliore ai miei clienti che soffrono di\u00a0<strong>disturbi d'ansia<\/strong>. Poich\u00e9 sto gi\u00e0 conseguendo un diploma in rilassamento, ho deciso di migliorare la mia pratica combinandola con l'ipnosi, poich\u00e9 le due tecniche sono altamente complementari per ottenere risultati ottimali.<strong>.<\/strong><\/p><ul><li>Formazione continua sui disturbi d'ansia e sull'ipnosi presso MHP<\/li><li>Formazione in terapia breve orientata alla soluzione presso MHP<\/li><li>Formazione avanzata sulle tecniche di ipnosi presso MHP<\/li><\/ul><p>Negli ultimi anni, ho principalmente\u00a0<strong>specializzato in ipnosi<\/strong>\u00a0per\u00a0<strong>bambini<\/strong>\u00a0e\u00a0<strong>adolescenti<\/strong>. \u00c8 un immenso piacere per me poterli alleviare e aiutarli a continuare la loro vita pi\u00f9 serenamente.<\/p><ul><li>Formazione continua per bambini e ipnosi presso MHP<\/li><li>Formazione all'ipnosi per bambini di Lise Bartoli<\/li><li>Formazione continua in pedorilassamento (rilassamento per bambini)<\/li><li>Formazione con il Metodo Barkley<\/li><\/ul><p>Vieni a provare\u00a0<strong>ipnosi<\/strong>\u00a0!<\/p><p>Vi do il benvenuto nel mio ufficio a\u00a0<strong>Val-de-Ruz<\/strong>nel villaggio di\u00a0<strong>Fenin,\u00a0<\/strong>a soli 10 minuti dal centro di<strong>\u00a0Neuch\u00e2tel<\/strong>.<\/p>\t\t\t\t\t\t\t\t<\/div>\n\t\t\t\t<\/div>\n\t\t\t\t\t<\/div>\n\t\t<\/div>\n\t\t\t\t\t<\/div>\n\t\t<\/section>\n\t\t\t\t<\/div>","protected":false},"excerpt":{"rendered":"<p>Friburgo: Aubert Chantal<\/p>","protected":false},"author":569,"featured_media":5591,"comment_status":"open","ping_status":"open","sticky":false,"template":"","format":"standard","meta":{"footnotes":""},"categories":[226,215],"tags":[],"class_list":["post-9651","post","type-post","status-publish","format-standard","has-post-thumbnail","hentry","category-neuchatel","category-therapeutes"],"publishpress_future_action":{"enabled":false,"date":"2026-05-09 06:32:45","action":"change-status","newStatus":"draft","terms":[],"taxonomy":"category","extraData":[]},"publishpress_future_workflow_manual_trigger":{"enabledWorkflows":[]},"_links":{"self":[{"href":"https:\/\/suisse-fibromyalgie.ch\/it\/wp-json\/wp\/v2\/posts\/9651","targetHints":{"allow":["GET"]}}],"collection":[{"href":"https:\/\/suisse-fibromyalgie.ch\/it\/wp-json\/wp\/v2\/posts"}],"about":[{"href":"https:\/\/suisse-fibromyalgie.ch\/it\/wp-json\/wp\/v2\/types\/post"}],"author":[{"embeddable":true,"href":"https:\/\/suisse-fibromyalgie.ch\/it\/wp-json\/wp\/v2\/users\/569"}],"replies":[{"embeddable":true,"href":"https:\/\/suisse-fibromyalgie.ch\/it\/wp-json\/wp\/v2\/comments?post=9651"}],"version-history":[{"count":4,"href":"https:\/\/suisse-fibromyalgie.ch\/it\/wp-json\/wp\/v2\/posts\/9651\/revisions"}],"predecessor-version":[{"id":9655,"href":"https:\/\/suisse-fibromyalgie.ch\/it\/wp-json\/wp\/v2\/posts\/9651\/revisions\/9655"}],"wp:featuredmedia":[{"embeddable":true,"href":"https:\/\/suisse-fibromyalgie.ch\/it\/wp-json\/wp\/v2\/media\/5591"}],"wp:attachment":[{"href":"https:\/\/suisse-fibromyalgie.ch\/it\/wp-json\/wp\/v2\/media?parent=9651"}],"wp:term":[{"taxonomy":"category","embeddable":true,"href":"https:\/\/suisse-fibromyalgie.ch\/it\/wp-json\/wp\/v2\/categories?post=9651"},{"taxonomy":"post_tag","embeddable":true,"href":"https:\/\/suisse-fibromyalgie.ch\/it\/wp-json\/wp\/v2\/tags?post=9651"}],"curies":[{"name":"wp","href":"https:\/\/api.w.org\/{rel}","templated":true}]}}