{"id":9630,"date":"2026-05-01T18:15:54","date_gmt":"2026-05-01T16:15:54","guid":{"rendered":"https:\/\/suisse-fibromyalgie.ch\/?p=9630"},"modified":"2026-05-01T18:24:40","modified_gmt":"2026-05-01T16:24:40","slug":"de-frino-florence","status":"publish","type":"post","link":"https:\/\/suisse-fibromyalgie.ch\/it\/de-frino-florence\/","title":{"rendered":"Gijsman van Ewijk Susanne"},"content":{"rendered":"<div data-elementor-type=\"wp-post\" data-elementor-id=\"9630\" class=\"elementor elementor-9630\" data-elementor-post-type=\"post\">\n\t\t\t\t\t\t<section class=\"elementor-section elementor-top-section elementor-element elementor-element-c428ca2 elementor-section-boxed elementor-section-height-default elementor-section-height-default\" data-id=\"c428ca2\" data-element_type=\"section\" data-e-type=\"section\">\n\t\t\t\t\t\t<div class=\"elementor-container elementor-column-gap-default\">\n\t\t\t\t\t<div class=\"elementor-column elementor-col-33 elementor-top-column elementor-element elementor-element-836fe01\" data-id=\"836fe01\" data-element_type=\"column\" data-e-type=\"column\">\n\t\t\t<div class=\"elementor-widget-wrap elementor-element-populated\">\n\t\t\t\t\t\t<div class=\"elementor-element elementor-element-91795d5 elementor-widget elementor-widget-image\" data-id=\"91795d5\" data-element_type=\"widget\" data-e-type=\"widget\" data-widget_type=\"image.default\">\n\t\t\t\t<div class=\"elementor-widget-container\">\n\t\t\t\t\t\t\t\t\t\t\t\t\t\t\t<img fetchpriority=\"high\" decoding=\"async\" width=\"302\" height=\"347\" src=\"https:\/\/suisse-fibromyalgie.ch\/wp-content\/uploads\/Susanne-Gijsman.jpg\" class=\"attachment-large size-large wp-image-9405\" alt=\"\" srcset=\"https:\/\/suisse-fibromyalgie.ch\/wp-content\/uploads\/Susanne-Gijsman.jpg 302w, https:\/\/suisse-fibromyalgie.ch\/wp-content\/uploads\/Susanne-Gijsman-261x300.jpg 261w, https:\/\/suisse-fibromyalgie.ch\/wp-content\/uploads\/Susanne-Gijsman-10x12.jpg 10w\" sizes=\"(max-width: 302px) 100vw, 302px\" \/>\t\t\t\t\t\t\t\t\t\t\t\t\t\t\t<\/div>\n\t\t\t\t<\/div>\n\t\t\t\t\t<\/div>\n\t\t<\/div>\n\t\t\t\t<div class=\"elementor-column elementor-col-66 elementor-top-column elementor-element elementor-element-6268f62\" data-id=\"6268f62\" data-element_type=\"column\" data-e-type=\"column\">\n\t\t\t<div class=\"elementor-widget-wrap elementor-element-populated\">\n\t\t\t\t\t\t<div class=\"elementor-element elementor-element-09c7561 elementor-widget elementor-widget-text-editor\" data-id=\"09c7561\" data-element_type=\"widget\" data-e-type=\"widget\" data-widget_type=\"text-editor.default\">\n\t\t\t\t<div class=\"elementor-widget-container\">\n\t\t\t\t\t\t\t\t\t<h3 class=\"has-text-align-left has-medium-font-size\">Il mio viaggio, nel cuore della fiducia in se stessi<\/h3><p>Sono un'insegnante specializzata in difficolt\u00e0 di apprendimento e comportamentali. Da oltre 20 anni aiuto gli alunni (dai 6 ai 12 anni) nel loro percorso, prestando particolare attenzione alla loro autostima.<br \/>Molto spesso gli studenti con difficolt\u00e0 non sanno pi\u00f9 come andare avanti o credere nelle proprie capacit\u00e0. Con il tempo, molti di loro sviluppano un'immagine di s\u00e9 negativa, nonostante le loro risorse.<\/p>\t\t\t\t\t\t\t\t<\/div>\n\t\t\t\t<\/div>\n\t\t\t\t\t<\/div>\n\t\t<\/div>\n\t\t\t\t\t<\/div>\n\t\t<\/section>\n\t\t\t\t<section class=\"elementor-section elementor-top-section elementor-element elementor-element-eff7cee elementor-section-boxed elementor-section-height-default elementor-section-height-default\" data-id=\"eff7cee\" data-element_type=\"section\" data-e-type=\"section\">\n\t\t\t\t\t\t<div class=\"elementor-container elementor-column-gap-default\">\n\t\t\t\t\t<div class=\"elementor-column elementor-col-100 elementor-top-column elementor-element elementor-element-942e608\" data-id=\"942e608\" data-element_type=\"column\" data-e-type=\"column\">\n\t\t\t<div class=\"elementor-widget-wrap elementor-element-populated\">\n\t\t\t\t\t\t<div class=\"elementor-element elementor-element-3b6c5bc elementor-widget elementor-widget-text-editor\" data-id=\"3b6c5bc\" data-element_type=\"widget\" data-e-type=\"widget\" data-widget_type=\"text-editor.default\">\n\t\t\t\t<div class=\"elementor-widget-container\">\n\t\t\t\t\t\t\t\t\t<section class=\"elementor-section elementor-top-section elementor-element elementor-element-49a8769 elementor-section-boxed elementor-section-height-default elementor-section-height-default\" data-id=\"49a8769\" data-element_type=\"section\" data-e-type=\"section\"><div class=\"elementor-container elementor-column-gap-default\"><div class=\"elementor-column elementor-col-100 elementor-top-column elementor-element elementor-element-b832f5d\" data-id=\"b832f5d\" data-element_type=\"column\" data-e-type=\"column\"><div class=\"elementor-widget-wrap elementor-element-populated\"><div class=\"elementor-element elementor-element-d7d395e elementor-widget elementor-widget-text-editor\" data-id=\"d7d395e\" data-element_type=\"widget\" data-e-type=\"widget\" data-widget_type=\"text-editor.default\"><div class=\"elementor-widget-container\"><h3 class=\"has-medium-font-size\">Mon<strong> engagement dans le coaching \u2013 \u00e0 chaque \u00e9tape de la vie<\/strong><\/h3><p>Nel corso degli anni di sostegno a studenti, genitori e insegnanti, una convinzione mi \u00e8 apparsa chiara:<\/p><p><strong>La fiducia in se stessi \u00e8 alla base di tutto.<\/strong><br \/>Permette alle persone di tutte le et\u00e0 di osare essere se stesse, di osare imparare, di osare prendere decisioni, di osare scegliere le proprie relazioni, di osare muoversi verso ci\u00f2 che \u00e8 giusto per loro, di osare dire s\u00ec o no.<br \/>Semplicemente, per osare.<\/p><p>Osservare questa perdita di fiducia sul campo \u00e8 stato il trampolino di lancio per il mio coinvolgimento nel coaching.<\/p><p>Ho una formazione in coaching psico-emozionale e sono un coach certificato Cap sur la Confiance.<br \/>Il mio approccio si basa sulla comprensione delle emozioni, sulla regolazione emotiva e sul rispetto del ritmo di ogni persona, in un ambiente sicuro e umano. Offro un coaching psico-emotivo basato sull'ascolto, la consapevolezza e piccoli passi avanti, seduta dopo seduta.<\/p><p>Il coaching pu\u00f2 essere svolto individualmente o in gruppo (utilizzando il gioco della fiducia).<\/p><p>Lavoriamo sui blocchi emotivi, cercando di comprenderli e di calmarli. A volte \u00e8 necessario tornare al passato per chiarire esperienze ed emozioni.<\/p><\/div><\/div><\/div><\/div><\/div><\/section><section class=\"elementor-section elementor-top-section elementor-element elementor-element-fce1291 elementor-section-boxed elementor-section-height-default elementor-section-height-default\" data-id=\"fce1291\" data-element_type=\"section\" data-e-type=\"section\"><div class=\"elementor-container elementor-column-gap-default\"><div class=\"elementor-column elementor-col-50 elementor-top-column elementor-element elementor-element-3eb25a5\" data-id=\"3eb25a5\" data-element_type=\"column\" data-e-type=\"column\"><div class=\"elementor-widget-wrap elementor-element-populated\"><div class=\"elementor-element elementor-element-7b832d7 elementor-widget elementor-widget-text-editor\" data-id=\"7b832d7\" data-element_type=\"widget\" data-e-type=\"widget\" data-widget_type=\"text-editor.default\"><div class=\"elementor-widget-container\"><div id=\"bgLayers_comp-ljcvm8ir\" class=\"MW5IWV\" data-hook=\"bgLayers\" data-motion-part=\"BG_LAYER\"><div id=\"bgMedia_comp-ljcvm8ir\" class=\"VgO9Yg\" data-motion-part=\"BG_MEDIA\">Situato a Les Geneveys-sur-Coffrane, nel cantone di Neuch\u00e2tel.<\/div><div id=\"bgMedia_comp-ljcvm8ir\" class=\"VgO9Yg\" data-motion-part=\"BG_MEDIA\">\u00a0<\/div><div id=\"bgMedia_comp-ljcvm8ir\" class=\"VgO9Yg\" data-motion-part=\"BG_MEDIA\"><strong><a href=\"https:\/\/extra.coach\/\">Per saperne di pi\u00f9 \u2192<\/a><\/strong><\/div><\/div><\/div><\/div><\/div><\/div><\/div><\/section>\t\t\t\t\t\t\t\t<\/div>\n\t\t\t\t<\/div>\n\t\t\t\t\t<\/div>\n\t\t<\/div>\n\t\t\t\t\t<\/div>\n\t\t<\/section>\n\t\t\t\t<\/div>","protected":false},"excerpt":{"rendered":"<p>Friburgo: Aubert Chantal<\/p>","protected":false},"author":569,"featured_media":9405,"comment_status":"open","ping_status":"open","sticky":false,"template":"","format":"standard","meta":{"footnotes":""},"categories":[226,215],"tags":[],"class_list":["post-9630","post","type-post","status-publish","format-standard","has-post-thumbnail","hentry","category-neuchatel","category-therapeutes"],"publishpress_future_action":{"enabled":false,"date":"2026-05-09 09:29:38","action":"change-status","newStatus":"draft","terms":[],"taxonomy":"category","extraData":[]},"publishpress_future_workflow_manual_trigger":{"enabledWorkflows":[]},"_links":{"self":[{"href":"https:\/\/suisse-fibromyalgie.ch\/it\/wp-json\/wp\/v2\/posts\/9630","targetHints":{"allow":["GET"]}}],"collection":[{"href":"https:\/\/suisse-fibromyalgie.ch\/it\/wp-json\/wp\/v2\/posts"}],"about":[{"href":"https:\/\/suisse-fibromyalgie.ch\/it\/wp-json\/wp\/v2\/types\/post"}],"author":[{"embeddable":true,"href":"https:\/\/suisse-fibromyalgie.ch\/it\/wp-json\/wp\/v2\/users\/569"}],"replies":[{"embeddable":true,"href":"https:\/\/suisse-fibromyalgie.ch\/it\/wp-json\/wp\/v2\/comments?post=9630"}],"version-history":[{"count":11,"href":"https:\/\/suisse-fibromyalgie.ch\/it\/wp-json\/wp\/v2\/posts\/9630\/revisions"}],"predecessor-version":[{"id":9646,"href":"https:\/\/suisse-fibromyalgie.ch\/it\/wp-json\/wp\/v2\/posts\/9630\/revisions\/9646"}],"wp:featuredmedia":[{"embeddable":true,"href":"https:\/\/suisse-fibromyalgie.ch\/it\/wp-json\/wp\/v2\/media\/9405"}],"wp:attachment":[{"href":"https:\/\/suisse-fibromyalgie.ch\/it\/wp-json\/wp\/v2\/media?parent=9630"}],"wp:term":[{"taxonomy":"category","embeddable":true,"href":"https:\/\/suisse-fibromyalgie.ch\/it\/wp-json\/wp\/v2\/categories?post=9630"},{"taxonomy":"post_tag","embeddable":true,"href":"https:\/\/suisse-fibromyalgie.ch\/it\/wp-json\/wp\/v2\/tags?post=9630"}],"curies":[{"name":"wp","href":"https:\/\/api.w.org\/{rel}","templated":true}]}}