{"id":9621,"date":"2026-05-01T18:05:49","date_gmt":"2026-05-01T16:05:49","guid":{"rendered":"https:\/\/suisse-fibromyalgie.ch\/?p=9621"},"modified":"2026-05-01T18:07:54","modified_gmt":"2026-05-01T16:07:54","slug":"chatelain-grob-sophie","status":"publish","type":"post","link":"https:\/\/suisse-fibromyalgie.ch\/it\/chatelain-grob-sophie\/","title":{"rendered":"Chatelain Grob Sophie"},"content":{"rendered":"<div data-elementor-type=\"wp-post\" data-elementor-id=\"9621\" class=\"elementor elementor-9621\" data-elementor-post-type=\"post\">\n\t\t\t\t\t\t<section class=\"elementor-section elementor-top-section elementor-element elementor-element-0adf11e elementor-section-boxed elementor-section-height-default elementor-section-height-default\" data-id=\"0adf11e\" data-element_type=\"section\" data-e-type=\"section\">\n\t\t\t\t\t\t<div class=\"elementor-container elementor-column-gap-default\">\n\t\t\t\t\t<div class=\"elementor-column elementor-col-33 elementor-top-column elementor-element elementor-element-def34f5\" data-id=\"def34f5\" data-element_type=\"column\" data-e-type=\"column\">\n\t\t\t<div class=\"elementor-widget-wrap elementor-element-populated\">\n\t\t\t\t\t\t<div class=\"elementor-element elementor-element-f7cc809 elementor-widget elementor-widget-image\" data-id=\"f7cc809\" data-element_type=\"widget\" data-e-type=\"widget\" data-widget_type=\"image.default\">\n\t\t\t\t<div class=\"elementor-widget-container\">\n\t\t\t\t\t\t\t\t\t\t\t\t\t\t\t<img fetchpriority=\"high\" decoding=\"async\" width=\"467\" height=\"450\" src=\"https:\/\/suisse-fibromyalgie.ch\/wp-content\/uploads\/Chatelain-Grob-Sophie.jpg\" class=\"attachment-large size-large wp-image-5371\" alt=\"\" srcset=\"https:\/\/suisse-fibromyalgie.ch\/wp-content\/uploads\/Chatelain-Grob-Sophie.jpg 467w, https:\/\/suisse-fibromyalgie.ch\/wp-content\/uploads\/Chatelain-Grob-Sophie-300x289.jpg 300w, https:\/\/suisse-fibromyalgie.ch\/wp-content\/uploads\/Chatelain-Grob-Sophie-12x12.jpg 12w\" sizes=\"(max-width: 467px) 100vw, 467px\" \/>\t\t\t\t\t\t\t\t\t\t\t\t\t\t\t<\/div>\n\t\t\t\t<\/div>\n\t\t\t\t\t<\/div>\n\t\t<\/div>\n\t\t\t\t<div class=\"elementor-column elementor-col-66 elementor-top-column elementor-element elementor-element-6cbedab\" data-id=\"6cbedab\" data-element_type=\"column\" data-e-type=\"column\">\n\t\t\t<div class=\"elementor-widget-wrap elementor-element-populated\">\n\t\t\t\t\t\t<div class=\"elementor-element elementor-element-d249c39 elementor-widget elementor-widget-text-editor\" data-id=\"d249c39\" data-element_type=\"widget\" data-e-type=\"widget\" data-widget_type=\"text-editor.default\">\n\t\t\t\t<div class=\"elementor-widget-container\">\n\t\t\t\t\t\t\t\t\t<div id=\"bgLayers_comp-l2udy7w51\" class=\"MW5IWV\" data-hook=\"bgLayers\" data-motion-part=\"BG_LAYER\"><p id=\"bgMedia_comp-l2udy7w51\" class=\"VgO9Yg\" data-motion-part=\"BG_MEDIA\">Fisioterapista da oltre 20 anni, ho voluto approfondire il mio tocco con il tocco fine e delicato che \u00e8 la fasciaterapia. Ho iniziato a farlo nel 2017, completando il corso di formazione triennale presso la Scuola Svizzera di Fasciaterapia di Losanna. All'inizio del 2022 mi sono specializzata in fascia pediatrica. Come madre di tre figli grandi, sono felice di tornare nel mondo dei bambini piccoli.<\/p><\/div><div id=\"comp-l2kprq1u\" class=\"HcOXKn SxM0TO QxJLC3 comp-l2kprq1u wixui-rich-text\" data-testid=\"richTextElement\"><h4 class=\"font_0 wixui-rich-text__text\"><span class=\"color_32 wixui-rich-text__text\"><span class=\"wixui-rich-text__text\">CHE COS'\u00c8 LA FASCIA?<\/span><\/span><\/h4><\/div><div id=\"comp-l2kprq1v\" class=\"HcOXKn SxM0TO QxJLC3 comp-l2kprq1v wixui-rich-text\" data-testid=\"richTextElement\"><p class=\"font_10 wixui-rich-text__text\"><span class=\"color_11 wixui-rich-text__text\">La Fasciaterapia secondo Danis Bois (FDB) \u00e8 una terapia manuale che risale agli anni Ottanta.<\/span><\/p><p class=\"font_10 wixui-rich-text__text\"><span class=\"color_11 wixui-rich-text__text\">La fascia \u00e8 una membrana che avvolge tutte le strutture del corpo e le collega tra loro. Come una ragnatela, la fascia avvolge i muscoli, gli organi (intestino, cuore, polmoni) e il sistema nervoso centrale e periferico. Grazie alle connessioni della fascia tra i diversi sistemi del corpo, il fasciaterapeuta pu\u00f2 lavorare sia in profondit\u00e0 che in superficie, ristabilendo l'armonia psico-corporea attraverso il ripristino della flessibilit\u00e0 e dell'adattabilit\u00e0 della fascia.\u00a0<\/span><\/p><p class=\"font_10 wixui-rich-text__text\"><span class=\"color_11 wixui-rich-text__text\">La Fasciaterapia \u00e8 una terapia che utilizza un tocco delicato, lento e rispettoso per ascoltare il corpo.<\/span><\/p><p><a href=\"https:\/\/www.sophysio.ch\/\"><strong>Per saperne di pi\u00f9 \u2192<\/strong><\/a><\/p><\/div>\t\t\t\t\t\t\t\t<\/div>\n\t\t\t\t<\/div>\n\t\t\t\t\t<\/div>\n\t\t<\/div>\n\t\t\t\t\t<\/div>\n\t\t<\/section>\n\t\t\t\t<\/div>","protected":false},"excerpt":{"rendered":"<p>Friburgo: Aubert Chantal<\/p>","protected":false},"author":569,"featured_media":5371,"comment_status":"open","ping_status":"open","sticky":false,"template":"","format":"standard","meta":{"footnotes":""},"categories":[226,215],"tags":[],"class_list":["post-9621","post","type-post","status-publish","format-standard","has-post-thumbnail","hentry","category-neuchatel","category-therapeutes"],"publishpress_future_action":{"enabled":false,"date":"2026-05-09 05:34:01","action":"change-status","newStatus":"draft","terms":[],"taxonomy":"category","extraData":[]},"publishpress_future_workflow_manual_trigger":{"enabledWorkflows":[]},"_links":{"self":[{"href":"https:\/\/suisse-fibromyalgie.ch\/it\/wp-json\/wp\/v2\/posts\/9621","targetHints":{"allow":["GET"]}}],"collection":[{"href":"https:\/\/suisse-fibromyalgie.ch\/it\/wp-json\/wp\/v2\/posts"}],"about":[{"href":"https:\/\/suisse-fibromyalgie.ch\/it\/wp-json\/wp\/v2\/types\/post"}],"author":[{"embeddable":true,"href":"https:\/\/suisse-fibromyalgie.ch\/it\/wp-json\/wp\/v2\/users\/569"}],"replies":[{"embeddable":true,"href":"https:\/\/suisse-fibromyalgie.ch\/it\/wp-json\/wp\/v2\/comments?post=9621"}],"version-history":[{"count":4,"href":"https:\/\/suisse-fibromyalgie.ch\/it\/wp-json\/wp\/v2\/posts\/9621\/revisions"}],"predecessor-version":[{"id":9626,"href":"https:\/\/suisse-fibromyalgie.ch\/it\/wp-json\/wp\/v2\/posts\/9621\/revisions\/9626"}],"wp:featuredmedia":[{"embeddable":true,"href":"https:\/\/suisse-fibromyalgie.ch\/it\/wp-json\/wp\/v2\/media\/5371"}],"wp:attachment":[{"href":"https:\/\/suisse-fibromyalgie.ch\/it\/wp-json\/wp\/v2\/media?parent=9621"}],"wp:term":[{"taxonomy":"category","embeddable":true,"href":"https:\/\/suisse-fibromyalgie.ch\/it\/wp-json\/wp\/v2\/categories?post=9621"},{"taxonomy":"post_tag","embeddable":true,"href":"https:\/\/suisse-fibromyalgie.ch\/it\/wp-json\/wp\/v2\/tags?post=9621"}],"curies":[{"name":"wp","href":"https:\/\/api.w.org\/{rel}","templated":true}]}}