{"id":9595,"date":"2026-05-01T17:37:51","date_gmt":"2026-05-01T15:37:51","guid":{"rendered":"https:\/\/suisse-fibromyalgie.ch\/?p=9595"},"modified":"2026-05-01T17:41:07","modified_gmt":"2026-05-01T15:41:07","slug":"saturnin-maud","status":"publish","type":"post","link":"https:\/\/suisse-fibromyalgie.ch\/it\/saturnin-maud\/","title":{"rendered":"Saturnino Maud\u00a0"},"content":{"rendered":"<div data-elementor-type=\"wp-post\" data-elementor-id=\"9595\" class=\"elementor elementor-9595\" data-elementor-post-type=\"post\">\n\t\t\t\t\t\t<section class=\"elementor-section elementor-top-section elementor-element elementor-element-de34b94 elementor-section-boxed elementor-section-height-default elementor-section-height-default\" data-id=\"de34b94\" data-element_type=\"section\" data-e-type=\"section\">\n\t\t\t\t\t\t<div class=\"elementor-container elementor-column-gap-default\">\n\t\t\t\t\t<div class=\"elementor-column elementor-col-33 elementor-top-column elementor-element elementor-element-4571650\" data-id=\"4571650\" data-element_type=\"column\" data-e-type=\"column\">\n\t\t\t<div class=\"elementor-widget-wrap elementor-element-populated\">\n\t\t\t\t\t\t<div class=\"elementor-element elementor-element-1148385 elementor-widget elementor-widget-image\" data-id=\"1148385\" data-element_type=\"widget\" data-e-type=\"widget\" data-widget_type=\"image.default\">\n\t\t\t\t<div class=\"elementor-widget-container\">\n\t\t\t\t\t\t\t\t\t\t\t\t\t\t\t<img fetchpriority=\"high\" decoding=\"async\" width=\"572\" height=\"572\" src=\"https:\/\/suisse-fibromyalgie.ch\/wp-content\/uploads\/Maud-Saturnin.jpg\" class=\"attachment-large size-large wp-image-9037\" alt=\"\" srcset=\"https:\/\/suisse-fibromyalgie.ch\/wp-content\/uploads\/Maud-Saturnin.jpg 572w, https:\/\/suisse-fibromyalgie.ch\/wp-content\/uploads\/Maud-Saturnin-300x300.jpg 300w, https:\/\/suisse-fibromyalgie.ch\/wp-content\/uploads\/Maud-Saturnin-150x150.jpg 150w, https:\/\/suisse-fibromyalgie.ch\/wp-content\/uploads\/Maud-Saturnin-12x12.jpg 12w\" sizes=\"(max-width: 572px) 100vw, 572px\" \/>\t\t\t\t\t\t\t\t\t\t\t\t\t\t\t<\/div>\n\t\t\t\t<\/div>\n\t\t\t\t\t<\/div>\n\t\t<\/div>\n\t\t\t\t<div class=\"elementor-column elementor-col-66 elementor-top-column elementor-element elementor-element-52e8e27\" data-id=\"52e8e27\" data-element_type=\"column\" data-e-type=\"column\">\n\t\t\t<div class=\"elementor-widget-wrap elementor-element-populated\">\n\t\t\t\t\t\t<div class=\"elementor-element elementor-element-74b94bf elementor-widget elementor-widget-text-editor\" data-id=\"74b94bf\" data-element_type=\"widget\" data-e-type=\"widget\" data-widget_type=\"text-editor.default\">\n\t\t\t\t<div class=\"elementor-widget-container\">\n\t\t\t\t\t\t\t\t\t<h6 class=\"font_0 wixui-rich-text__text\">Apr\u00e8s 50 ans de pratique en th\u00e9rapies naturelles et pr\u00e9ventives et de recherche en microbiologie et infectiologie, j\u2019ai d\u00e9cid\u00e9 de revenir aux sources:<\/h6><h6>Una rivoluzione cellulare dalle microalghe<\/h6><p>Depuis des ann\u00e9es, la science s\u2019int\u00e9resse de pr\u00e8s aux cyanobact\u00e9ries, ces microalgues \u00e0 l\u2019origine de la vie sur Terre.<\/p><p>Cultiv\u00e9es aujourd\u2019hui dans des conditions optimales gr\u00e2ce aux photobior\u00e9acteurs solaires, la biotechnologie permet aujourd\u2019hui d\u2019extraire des bioactifs d\u2019une puret\u00e9 et d\u2019une concentration exceptionnelles.<\/p><p>Ces bioactifs, comme la phycocyanine, l\u2019extrait d\u2019AFA ou encore l\u2019EPA et le DHA, sont de v\u00e9ritables tr\u00e9sors naturels pour la sant\u00e9:<\/p>\t\t\t\t\t\t\t\t<\/div>\n\t\t\t\t<\/div>\n\t\t\t\t\t<\/div>\n\t\t<\/div>\n\t\t\t\t\t<\/div>\n\t\t<\/section>\n\t\t\t\t<section class=\"elementor-section elementor-top-section elementor-element elementor-element-6f51c3f elementor-section-boxed elementor-section-height-default elementor-section-height-default\" data-id=\"6f51c3f\" data-element_type=\"section\" data-e-type=\"section\">\n\t\t\t\t\t\t<div class=\"elementor-container elementor-column-gap-default\">\n\t\t\t\t\t<div class=\"elementor-column elementor-col-100 elementor-top-column elementor-element elementor-element-7b39170\" data-id=\"7b39170\" data-element_type=\"column\" data-e-type=\"column\">\n\t\t\t<div class=\"elementor-widget-wrap elementor-element-populated\">\n\t\t\t\t\t\t<div class=\"elementor-element elementor-element-6745f4d elementor-widget elementor-widget-text-editor\" data-id=\"6745f4d\" data-element_type=\"widget\" data-e-type=\"widget\" data-widget_type=\"text-editor.default\">\n\t\t\t\t<div class=\"elementor-widget-container\">\n\t\t\t\t\t\t\t\t\t<section class=\"elementor-section elementor-top-section elementor-element elementor-element-49a8769 elementor-section-boxed elementor-section-height-default elementor-section-height-default\" data-id=\"49a8769\" data-element_type=\"section\" data-e-type=\"section\"><div class=\"elementor-container elementor-column-gap-default\"><div class=\"elementor-column elementor-col-100 elementor-top-column elementor-element elementor-element-b832f5d\" data-id=\"b832f5d\" data-element_type=\"column\" data-e-type=\"column\"><div class=\"elementor-widget-wrap elementor-element-populated\"><div class=\"elementor-element elementor-element-d7d395e elementor-widget elementor-widget-text-editor\" data-id=\"d7d395e\" data-element_type=\"widget\" data-e-type=\"widget\" data-widget_type=\"text-editor.default\"><div class=\"elementor-widget-container\"><ul><li>Potenti antiossidanti<\/li><li>Antinfiammatori naturali<\/li><li>Supporto per il fegato, i reni e il sistema immunitario<\/li><li>Favorisent l\u2019\u00e9quilibre neurochimique et la r\u00e9g\u00e9n\u00e9ration cellulaire<\/li><\/ul><p>Gr\u00e2ce \u00e0 une extraction parfaitement ma\u00eetris\u00e9e, ces bioactifs sont hautement assimilables par l\u2019organisme et agissent comme des catalyseurs profonds, bien au-del\u00e0 des simples compl\u00e9ments alimentaires que l\u2019on peut conna\u00eetre.<\/p><p>Una bella alleanza tra natura e scienza, al servizio del nostro equilibrio globale.<\/p><\/div><\/div><\/div><\/div><\/div><\/section><section class=\"elementor-section elementor-top-section elementor-element elementor-element-085dee4 elementor-section-boxed elementor-section-height-default elementor-section-height-default\" data-id=\"085dee4\" data-element_type=\"section\" data-e-type=\"section\"><div class=\"elementor-container elementor-column-gap-default\"><div class=\"elementor-column elementor-col-50 elementor-top-column elementor-element elementor-element-fd354a9\" data-id=\"fd354a9\" data-element_type=\"column\" data-e-type=\"column\"><div class=\"elementor-widget-wrap elementor-element-populated\"><div class=\"elementor-element elementor-element-056f65c elementor-widget elementor-widget-text-editor\" data-id=\"056f65c\" data-element_type=\"widget\" data-e-type=\"widget\" data-widget_type=\"text-editor.default\"><div class=\"elementor-widget-container\"><h5>Contacts: maud.saturnin@outlook.com \/ 079 915 55 54<\/h5><\/div><\/div><\/div><\/div><\/div><\/section>\t\t\t\t\t\t\t\t<\/div>\n\t\t\t\t<\/div>\n\t\t\t\t\t<\/div>\n\t\t<\/div>\n\t\t\t\t\t<\/div>\n\t\t<\/section>\n\t\t\t\t<\/div>","protected":false},"excerpt":{"rendered":"<p>Friburgo: Aubert Chantal<\/p>","protected":false},"author":569,"featured_media":9037,"comment_status":"open","ping_status":"open","sticky":false,"template":"","format":"standard","meta":{"footnotes":""},"categories":[224,215],"tags":[],"class_list":["post-9595","post","type-post","status-publish","format-standard","has-post-thumbnail","hentry","category-fribourg","category-therapeutes"],"publishpress_future_action":{"enabled":false,"date":"2026-05-09 10:43:39","action":"change-status","newStatus":"draft","terms":[],"taxonomy":"category","extraData":[]},"publishpress_future_workflow_manual_trigger":{"enabledWorkflows":[]},"_links":{"self":[{"href":"https:\/\/suisse-fibromyalgie.ch\/it\/wp-json\/wp\/v2\/posts\/9595","targetHints":{"allow":["GET"]}}],"collection":[{"href":"https:\/\/suisse-fibromyalgie.ch\/it\/wp-json\/wp\/v2\/posts"}],"about":[{"href":"https:\/\/suisse-fibromyalgie.ch\/it\/wp-json\/wp\/v2\/types\/post"}],"author":[{"embeddable":true,"href":"https:\/\/suisse-fibromyalgie.ch\/it\/wp-json\/wp\/v2\/users\/569"}],"replies":[{"embeddable":true,"href":"https:\/\/suisse-fibromyalgie.ch\/it\/wp-json\/wp\/v2\/comments?post=9595"}],"version-history":[{"count":4,"href":"https:\/\/suisse-fibromyalgie.ch\/it\/wp-json\/wp\/v2\/posts\/9595\/revisions"}],"predecessor-version":[{"id":9600,"href":"https:\/\/suisse-fibromyalgie.ch\/it\/wp-json\/wp\/v2\/posts\/9595\/revisions\/9600"}],"wp:featuredmedia":[{"embeddable":true,"href":"https:\/\/suisse-fibromyalgie.ch\/it\/wp-json\/wp\/v2\/media\/9037"}],"wp:attachment":[{"href":"https:\/\/suisse-fibromyalgie.ch\/it\/wp-json\/wp\/v2\/media?parent=9595"}],"wp:term":[{"taxonomy":"category","embeddable":true,"href":"https:\/\/suisse-fibromyalgie.ch\/it\/wp-json\/wp\/v2\/categories?post=9595"},{"taxonomy":"post_tag","embeddable":true,"href":"https:\/\/suisse-fibromyalgie.ch\/it\/wp-json\/wp\/v2\/tags?post=9595"}],"curies":[{"name":"wp","href":"https:\/\/api.w.org\/{rel}","templated":true}]}}