{"id":8239,"date":"2025-03-02T17:42:22","date_gmt":"2025-03-02T16:42:22","guid":{"rendered":"https:\/\/suisse-fibromyalgie.ch\/?p=8239"},"modified":"2025-03-02T17:46:22","modified_gmt":"2025-03-02T16:46:22","slug":"complements-et-vegetarisme-vers-une-nutrition-equilibree","status":"publish","type":"post","link":"https:\/\/suisse-fibromyalgie.ch\/it\/complements-et-vegetarisme-vers-une-nutrition-equilibree\/","title":{"rendered":"Integratori e vegetarianismo: verso un'alimentazione equilibrata"},"content":{"rendered":"\t\t<div data-elementor-type=\"wp-post\" data-elementor-id=\"8239\" class=\"elementor elementor-8239\" data-elementor-post-type=\"post\">\n\t\t\t\t\t\t<section class=\"elementor-section elementor-top-section elementor-element elementor-element-359089b elementor-section-boxed elementor-section-height-default elementor-section-height-default\" data-id=\"359089b\" data-element_type=\"section\" data-e-type=\"section\">\n\t\t\t\t\t\t<div class=\"elementor-container elementor-column-gap-default\">\n\t\t\t\t\t<div class=\"elementor-column elementor-col-100 elementor-top-column elementor-element elementor-element-a074b9a\" data-id=\"a074b9a\" data-element_type=\"column\" data-e-type=\"column\">\n\t\t\t<div class=\"elementor-widget-wrap elementor-element-populated\">\n\t\t\t\t\t\t<div class=\"elementor-element elementor-element-e934758 elementor-widget elementor-widget-text-editor\" data-id=\"e934758\" data-element_type=\"widget\" data-e-type=\"widget\" data-widget_type=\"text-editor.default\">\n\t\t\t\t<div class=\"elementor-widget-container\">\n\t\t\t\t\t\t\t\t\t<p>L&rsquo;adoption d&rsquo;un r\u00e9gime v\u00e9g\u00e9tarien conna\u00eet une progression constante \u00e0 travers le monde, motiv\u00e9e par des consid\u00e9rations \u00e9thiques, environnementales et de sant\u00e9.<\/p><p>Si une alimentation v\u00e9g\u00e9tarienne bien planifi\u00e9e peut apporter tous les nutriments n\u00e9cessaires \u00e0 l&rsquo;organisme, certains d\u00e9fis nutritionnels sp\u00e9cifiques se posent.<\/p><p>Cet article explore en profondeur les compl\u00e9ments alimentaires susceptibles d&rsquo;aider les v\u00e9g\u00e9tariens \u00e0 maintenir une nutrition optimale.<\/p>\t\t\t\t\t\t\t\t<\/div>\n\t\t\t\t<\/div>\n\t\t\t\t\t<\/div>\n\t\t<\/div>\n\t\t\t\t\t<\/div>\n\t\t<\/section>\n\t\t\t\t<section class=\"elementor-section elementor-top-section elementor-element elementor-element-7850731 elementor-section-boxed elementor-section-height-default elementor-section-height-default\" data-id=\"7850731\" data-element_type=\"section\" data-e-type=\"section\">\n\t\t\t\t\t\t<div class=\"elementor-container elementor-column-gap-default\">\n\t\t\t\t\t<div class=\"elementor-column elementor-col-100 elementor-top-column elementor-element elementor-element-39d9ba5\" data-id=\"39d9ba5\" data-element_type=\"column\" data-e-type=\"column\">\n\t\t\t<div class=\"elementor-widget-wrap elementor-element-populated\">\n\t\t\t\t\t\t<div class=\"elementor-element elementor-element-88cacf1 elementor-widget elementor-widget-text-editor\" data-id=\"88cacf1\" data-element_type=\"widget\" data-e-type=\"widget\" data-widget_type=\"text-editor.default\">\n\t\t\t\t<div class=\"elementor-widget-container\">\n\t\t\t\t\t\t\t\t\t<h1 class=\"text-xl font-bold text-text-200 mt-1 -mb-0.5\">Comprendre les diff\u00e9rents r\u00e9gimes v\u00e9g\u00e9tariens<\/h1><p class=\"whitespace-pre-wrap break-words\">Avant d&rsquo;aborder la question des compl\u00e9ments, il est important de clarifier les diff\u00e9rentes formes de v\u00e9g\u00e9tarisme, car les besoins nutritionnels varient en fonction de la restriction alimentaire :<\/p><ul class=\"[&amp;:not(:last-child)_ul]:pb-1 [&amp;:not(:last-child)_ol]:pb-1 list-disc space-y-1.5 pl-7\"><li class=\"whitespace-normal break-words\"><strong>Ovo-lacto-v\u00e9g\u00e9tarisme<\/strong> : Exclut viande et poisson mais inclut \u0153ufs et produits laitiers<\/li><li class=\"whitespace-normal break-words\"><strong>Lacto-v\u00e9g\u00e9tarisme<\/strong> : Exclut viande, poisson et \u0153ufs mais inclut produits laitiers<\/li><li class=\"whitespace-normal break-words\"><strong>Ovo-v\u00e9g\u00e9tarisme<\/strong> : Exclut viande, poisson et produits laitiers mais inclut \u0153ufs<\/li><li class=\"whitespace-normal break-words\"><strong>V\u00e9g\u00e9talisme<\/strong> : Exclut tous les produits d&rsquo;origine animale<\/li><li class=\"whitespace-normal break-words\"><strong>Flexitarisme<\/strong> : Alimentation principalement v\u00e9g\u00e9tarienne avec consommation occasionnelle de viande ou poisson<\/li><\/ul><p class=\"whitespace-pre-wrap break-words\">Plus le r\u00e9gime est restrictif, plus l&rsquo;attention port\u00e9e aux apports nutritionnels doit \u00eatre grande.<\/p><h1 class=\"text-xl font-bold text-text-200 mt-1 -mb-0.5\">Nutriments critiques dans l&rsquo;alimentation v\u00e9g\u00e9tarienne<\/h1><h3 class=\"text-lg font-bold text-text-200 mt-1 -mb-1.5\">Vitamine B12<\/h3><p class=\"whitespace-pre-wrap break-words\">La vitamine B12 repr\u00e9sente probablement le d\u00e9fi nutritionnel le plus important pour les v\u00e9g\u00e9tariens, et particuli\u00e8rement pour les v\u00e9g\u00e9taliens.<\/p><p class=\"whitespace-pre-wrap break-words\"><strong>Sources alimentaires<\/strong> : Principalement d&rsquo;origine animale (viande, poisson, produits laitiers, \u0153ufs). Les sources v\u00e9g\u00e9tales fiables sont quasi inexistantes, \u00e0 l&rsquo;exception de certains aliments fortifi\u00e9s (laits v\u00e9g\u00e9taux, levure nutritionnelle enrichie).<\/p><p class=\"whitespace-pre-wrap break-words\"><strong>Risques de carence<\/strong> : Une carence prolong\u00e9e peut entra\u00eener :<\/p><ul class=\"[&amp;:not(:last-child)_ul]:pb-1 [&amp;:not(:last-child)_ol]:pb-1 list-disc space-y-1.5 pl-7\"><li class=\"whitespace-normal break-words\">An\u00e9mie m\u00e9galoblastique<\/li><li class=\"whitespace-normal break-words\">Troubles neurologiques potentiellement irr\u00e9versibles<\/li><li class=\"whitespace-normal break-words\">Fatigue chronique<\/li><li class=\"whitespace-normal break-words\">Troubles cognitifs<\/li><\/ul><p class=\"whitespace-pre-wrap break-words\"><strong>Recommandations<\/strong> : Pour les v\u00e9g\u00e9tariens stricts\/v\u00e9g\u00e9taliens, la suppl\u00e9mentation est g\u00e9n\u00e9ralement consid\u00e9r\u00e9e comme indispensable. Les doses recommand\u00e9es varient entre 25 et 100 \u03bcg\/jour (selon l&rsquo;\u00e2ge et les besoins sp\u00e9cifiques) ou 2000 \u03bcg par semaine en prise unique.<\/p><h3 class=\"text-lg font-bold text-text-200 mt-1 -mb-1.5\">Fer<\/h3><p class=\"whitespace-pre-wrap break-words\">Le fer h\u00e9mique (facilement absorbable) est pr\u00e9sent uniquement dans les produits animaux, tandis que le fer non-h\u00e9mique des v\u00e9g\u00e9taux pr\u00e9sente une biodisponibilit\u00e9 inf\u00e9rieure.<\/p><p class=\"whitespace-pre-wrap break-words\"><strong>Sources v\u00e9g\u00e9tales<\/strong> : L\u00e9gumineuses, graines de courge, tofu, c\u00e9r\u00e9ales compl\u00e8tes, l\u00e9gumes \u00e0 feuilles vertes.<\/p><p class=\"whitespace-pre-wrap break-words\"><strong>Optimisation de l&rsquo;absorption<\/strong> :<\/p><ul class=\"[&amp;:not(:last-child)_ul]:pb-1 [&amp;:not(:last-child)_ol]:pb-1 list-disc space-y-1.5 pl-7\"><li class=\"whitespace-normal break-words\">Consommer des aliments riches en vitamine C lors des repas<\/li><li class=\"whitespace-normal break-words\">\u00c9viter de boire du th\u00e9 ou du caf\u00e9 pendant les repas (les tanins r\u00e9duisent l&rsquo;absorption)<\/li><li class=\"whitespace-normal break-words\">Techniques de pr\u00e9paration comme le trempage et la germination qui r\u00e9duisent les phytates inhibiteurs d&rsquo;absorption<\/li><\/ul><p class=\"whitespace-pre-wrap break-words\"><strong>Suppl\u00e9ment<\/strong> : Le bisglycinate de fer pr\u00e9sente g\u00e9n\u00e9ralement une meilleure tol\u00e9rance digestive et une absorption sup\u00e9rieure aux formes inorganiques (sulfate, fumarate).<\/p><h3 class=\"text-lg font-bold text-text-200 mt-1 -mb-1.5\">Zinc<\/h3><p class=\"whitespace-pre-wrap break-words\">Comme pour le fer, la biodisponibilit\u00e9 du zinc est r\u00e9duite dans les r\u00e9gimes v\u00e9g\u00e9tariens en raison des phytates pr\u00e9sents dans les c\u00e9r\u00e9ales compl\u00e8tes et l\u00e9gumineuses.<\/p><p class=\"whitespace-pre-wrap break-words\"><strong>Sources v\u00e9g\u00e9tales<\/strong> : L\u00e9gumineuses, noix, graines, c\u00e9r\u00e9ales compl\u00e8tes, tofu.<\/p><p class=\"whitespace-pre-wrap break-words\"><strong>Optimisation<\/strong> :<\/p><ul class=\"[&amp;:not(:last-child)_ul]:pb-1 [&amp;:not(:last-child)_ol]:pb-1 list-disc space-y-1.5 pl-7\"><li class=\"whitespace-normal break-words\">Trempage, germination et fermentation des aliments<\/li><li class=\"whitespace-normal break-words\">Consommation d&rsquo;aliments acidul\u00e9s qui am\u00e9liorent l&rsquo;absorption<\/li><\/ul><p class=\"whitespace-pre-wrap break-words\"><strong>Suppl\u00e9mentation<\/strong> : Un apport de 50% sup\u00e9rieur aux recommandations standards est parfois sugg\u00e9r\u00e9 pour les v\u00e9g\u00e9tariens. Le zinc sous forme de citrate ou de gluconate offre g\u00e9n\u00e9ralement une bonne biodisponibilit\u00e9.<\/p><h3 class=\"text-lg font-bold text-text-200 mt-1 -mb-1.5\">Calcium<\/h3><p class=\"whitespace-pre-wrap break-words\">Particuli\u00e8rement important pour les v\u00e9g\u00e9taliens qui ne consomment pas de produits laitiers.<\/p><p class=\"whitespace-pre-wrap break-words\"><strong>Sources v\u00e9g\u00e9tales<\/strong> : L\u00e9gumes crucif\u00e8res (brocoli, chou kale), amandes, graines de s\u00e9same (tahini), tofu pr\u00e9par\u00e9 avec du calcium, laits v\u00e9g\u00e9taux enrichis.<\/p><p class=\"whitespace-pre-wrap break-words\"><strong>Points d&rsquo;attention<\/strong> :<\/p><ul class=\"[&amp;:not(:last-child)_ul]:pb-1 [&amp;:not(:last-child)_ol]:pb-1 list-disc space-y-1.5 pl-7\"><li class=\"whitespace-normal break-words\">Certains compos\u00e9s comme l&rsquo;acide oxalique (\u00e9pinards) peuvent r\u00e9duire l&rsquo;absorption<\/li><li class=\"whitespace-normal break-words\">L&rsquo;\u00e9quilibre calcium\/phosphore doit \u00eatre consid\u00e9r\u00e9<\/li><\/ul><p class=\"whitespace-pre-wrap break-words\"><strong>Suppl\u00e9mentation<\/strong> : Le citrate de calcium pr\u00e9sente une bonne absorption et peut \u00eatre pris ind\u00e9pendamment des repas, contrairement au carbonate qui n\u00e9cessite un environnement acide.<\/p><h3 class=\"text-lg font-bold text-text-200 mt-1 -mb-1.5\">Om\u00e9ga-3 (EPA et DHA)<\/h3><p class=\"whitespace-pre-wrap break-words\">Les acides gras om\u00e9ga-3 \u00e0 longue cha\u00eene (EPA et DHA) sont principalement pr\u00e9sents dans les poissons gras. Les v\u00e9g\u00e9tariens doivent compter sur la conversion de l&rsquo;ALA (acide alpha-linol\u00e9nique) en EPA et DHA, un processus peu efficace chez l&rsquo;humain.<\/p><p class=\"whitespace-pre-wrap break-words\"><strong>Sources v\u00e9g\u00e9tales d&rsquo;ALA<\/strong> : Graines de lin et de chia, noix, huile de colza.<\/p><p class=\"whitespace-pre-wrap break-words\"><strong>Optimisation<\/strong> :<\/p><ul class=\"[&amp;:not(:last-child)_ul]:pb-1 [&amp;:not(:last-child)_ol]:pb-1 list-disc space-y-1.5 pl-7\"><li class=\"whitespace-normal break-words\">Limiter la consommation d&rsquo;om\u00e9ga-6 qui peuvent inhiber la conversion de l&rsquo;ALA<\/li><li class=\"whitespace-normal break-words\">Assurer un apport suffisant en zinc, magn\u00e9sium et vitamines B impliqu\u00e9s dans le m\u00e9tabolisme des acides gras<\/li><\/ul><p class=\"whitespace-pre-wrap break-words\"><strong>Suppl\u00e9mentation<\/strong> : Les algues marines (source primaire du DHA dans la cha\u00eene alimentaire marine) offrent une alternative v\u00e9g\u00e9talienne viable sous forme de suppl\u00e9ments.<\/p><h3 class=\"text-lg font-bold text-text-200 mt-1 -mb-1.5\">Vitamine D<\/h3><p class=\"whitespace-pre-wrap break-words\">La principale source naturelle est la synth\u00e8se cutan\u00e9e sous l&rsquo;action des rayons UVB, mais plusieurs facteurs peuvent la limiter : saison, latitude, pollution, \u00e2ge, pigmentation cutan\u00e9e.<\/p><p class=\"whitespace-pre-wrap break-words\"><strong>Sources alimentaires v\u00e9g\u00e9tariennes<\/strong> : Champignons expos\u00e9s aux UV, aliments fortifi\u00e9s (certains laits v\u00e9g\u00e9taux, margarines).<\/p><p class=\"whitespace-pre-wrap break-words\"><strong>Facteurs de risque sp\u00e9cifiques<\/strong> :<\/p><ul class=\"[&amp;:not(:last-child)_ul]:pb-1 [&amp;:not(:last-child)_ol]:pb-1 list-disc space-y-1.5 pl-7\"><li class=\"whitespace-normal break-words\">Faible exposition solaire<\/li><li class=\"whitespace-normal break-words\">Peau fonc\u00e9e<\/li><li class=\"whitespace-normal break-words\">\u00c2ge avanc\u00e9<\/li><\/ul><p class=\"whitespace-pre-wrap break-words\"><strong>Suppl\u00e9mentation<\/strong> : La vitamine D3 (chol\u00e9calcif\u00e9rol) d&rsquo;origine v\u00e9g\u00e9tale (lichen) est maintenant disponible et semble plus efficace que la D2 (ergocalcif\u00e9rol) pour maintenir les niveaux sanguins \u00e0 long terme.<\/p><h3 class=\"text-lg font-bold text-text-200 mt-1 -mb-1.5\">Iode<\/h3><p class=\"whitespace-pre-wrap break-words\">L&rsquo;iode est pr\u00e9sent dans les produits de la mer et le sel iod\u00e9. Les v\u00e9g\u00e9tariens qui limitent leur consommation de sel ou utilisent des sels non iod\u00e9s peuvent \u00eatre \u00e0 risque.<\/p><p class=\"whitespace-pre-wrap break-words\"><strong>Sources v\u00e9g\u00e9tales<\/strong> : Algues marines (attention toutefois \u00e0 la variabilit\u00e9 et aux risques de surdosage), sel iod\u00e9.<\/p><p class=\"whitespace-pre-wrap break-words\"><strong>Points d&rsquo;attention<\/strong> :<\/p><ul class=\"[&amp;:not(:last-child)_ul]:pb-1 [&amp;:not(:last-child)_ol]:pb-1 list-disc space-y-1.5 pl-7\"><li class=\"whitespace-normal break-words\">Certains aliments comme le soja et les crucif\u00e8res contiennent des goitrog\u00e8nes qui peuvent affecter la fonction thyro\u00efdienne si consomm\u00e9s en exc\u00e8s<\/li><li class=\"whitespace-normal break-words\">La teneur en iode des algues est tr\u00e8s variable<\/li><\/ul><p class=\"whitespace-pre-wrap break-words\"><strong>Suppl\u00e9mentation<\/strong> : G\u00e9n\u00e9ralement sous forme d&rsquo;iodure de potassium, \u00e0 adapter selon les habitudes alimentaires et les besoins individuels.<\/p><h1 class=\"text-xl font-bold text-text-200 mt-1 -mb-0.5\">Approche int\u00e9gr\u00e9e et personnalis\u00e9e<\/h1><h3 class=\"text-lg font-bold text-text-200 mt-1 -mb-1.5\">\u00c9valuation des besoins individuels<\/h3><p class=\"whitespace-pre-wrap break-words\">Les besoins en compl\u00e9ments varient consid\u00e9rablement en fonction de plusieurs facteurs :<\/p><ul class=\"[&amp;:not(:last-child)_ul]:pb-1 [&amp;:not(:last-child)_ol]:pb-1 list-disc space-y-1.5 pl-7\"><li class=\"whitespace-normal break-words\"><strong>Type de r\u00e9gime v\u00e9g\u00e9tarien<\/strong> : Plus il est restrictif, plus l&rsquo;attention doit \u00eatre grande<\/li><li class=\"whitespace-normal break-words\"><strong>\u00c2ge et \u00e9tape de vie<\/strong> : Les besoins sont accrus pendant la grossesse, l&rsquo;allaitement, l&rsquo;enfance, l&rsquo;adolescence et la vieillesse<\/li><li class=\"whitespace-normal break-words\"><strong>\u00c9tat de sant\u00e9<\/strong> : Certaines conditions m\u00e9dicales ou traitements peuvent augmenter les besoins<\/li><li class=\"whitespace-normal break-words\"><strong>Mode de vie<\/strong> : Niveau d&rsquo;activit\u00e9 physique, exposition solaire, etc.<\/li><li class=\"whitespace-normal break-words\"><strong>Diversit\u00e9 et qualit\u00e9 alimentaire<\/strong> : Une alimentation vari\u00e9e et \u00e9quilibr\u00e9e r\u00e9duit le besoin de suppl\u00e9mentation<\/li><\/ul><h3 class=\"text-lg font-bold text-text-200 mt-1 -mb-1.5\">Analyses biologiques pertinentes<\/h3><p class=\"whitespace-pre-wrap break-words\">Avant de commencer une suppl\u00e9mentation, il est recommand\u00e9 de r\u00e9aliser un bilan biologique pour identifier les carences r\u00e9elles :<\/p><ul class=\"[&amp;:not(:last-child)_ul]:pb-1 [&amp;:not(:last-child)_ol]:pb-1 list-disc space-y-1.5 pl-7\"><li class=\"whitespace-normal break-words\"><strong>Statut en B12<\/strong> : Homocyst\u00e9ine, acide m\u00e9thylmalonique, holotranscobalamine<\/li><li class=\"whitespace-normal break-words\"><strong>Statut en fer<\/strong> : Ferritine, coefficient de saturation de la transferrine<\/li><li class=\"whitespace-normal break-words\"><strong>Statut en vitamine D<\/strong> : 25-OH-vitamine D<\/li><li class=\"whitespace-normal break-words\"><strong>Statut thyro\u00efdien<\/strong> : TSH, T4 (pour \u00e9valuer indirectement le statut iod\u00e9)<\/li><li class=\"whitespace-normal break-words\"><strong>Marqueurs inflammatoires<\/strong> : CRP (peut influencer certains param\u00e8tres comme la ferritine)<\/li><\/ul><h3 class=\"text-lg font-bold text-text-200 mt-1 -mb-1.5\">Qualit\u00e9 des compl\u00e9ments<\/h3><p class=\"whitespace-pre-wrap break-words\">Tous les compl\u00e9ments ne se valent pas en termes de biodisponibilit\u00e9 et de puret\u00e9 :<\/p><ul class=\"[&amp;:not(:last-child)_ul]:pb-1 [&amp;:not(:last-child)_ol]:pb-1 list-disc space-y-1.5 pl-7\"><li class=\"whitespace-normal break-words\"><strong>Formes biodisponibles<\/strong> : Pr\u00e9f\u00e9rer les formes actives (m\u00e9thylcobalamine pour la B12, ch\u00e9lates pour les min\u00e9raux)<\/li><li class=\"whitespace-normal break-words\"><strong>Additifs et excipients<\/strong> : V\u00e9rifier la compatibilit\u00e9 avec les valeurs v\u00e9g\u00e9tariennes (g\u00e9latine, st\u00e9arate de magn\u00e9sium d&rsquo;origine animale)<\/li><li class=\"whitespace-normal break-words\"><strong>Certifications<\/strong> : Rechercher des garanties de qualit\u00e9 et de puret\u00e9<\/li><li class=\"whitespace-normal break-words\"><strong>Posologie adapt\u00e9e<\/strong> : \u00c9viter les formules \u00ab\u00a0one-size-fits-all\u00a0\u00bb qui peuvent \u00eatre sur ou sous-dos\u00e9es<\/li><\/ul><h1 class=\"text-xl font-bold text-text-200 mt-1 -mb-0.5\">Cas particuliers et populations sp\u00e9cifiques<\/h1><h3 class=\"text-lg font-bold text-text-200 mt-1 -mb-1.5\">Femmes enceintes et allaitantes<\/h3><p class=\"whitespace-pre-wrap break-words\">Les besoins nutritionnels sont consid\u00e9rablement augment\u00e9s :<\/p><ul class=\"[&amp;:not(:last-child)_ul]:pb-1 [&amp;:not(:last-child)_ol]:pb-1 list-disc space-y-1.5 pl-7\"><li class=\"whitespace-normal break-words\"><strong>Fer<\/strong> : Besoins accrus de 50%<\/li><li class=\"whitespace-normal break-words\"><strong>Acide folique<\/strong> : Suppl\u00e9mentation pr\u00e9conceptionnelle et pendant le premier trimestre<\/li><li class=\"whitespace-normal break-words\"><strong>DHA<\/strong> : Essentiel au d\u00e9veloppement c\u00e9r\u00e9bral du f\u0153tus<\/li><li class=\"whitespace-normal break-words\"><strong>Vitamine B12<\/strong> : Cruciale pour pr\u00e9venir les complications neurologiques chez le nouveau-n\u00e9<\/li><li class=\"whitespace-normal break-words\"><strong>Iode<\/strong> : Fondamental pour le d\u00e9veloppement neurologique<\/li><\/ul><h3 class=\"text-lg font-bold text-text-200 mt-1 -mb-1.5\">Enfants et adolescents<\/h3><p class=\"whitespace-pre-wrap break-words\">P\u00e9riode de croissance rapide n\u00e9cessitant une attention particuli\u00e8re :<\/p><ul class=\"[&amp;:not(:last-child)_ul]:pb-1 [&amp;:not(:last-child)_ol]:pb-1 list-disc space-y-1.5 pl-7\"><li class=\"whitespace-normal break-words\"><strong>Vitamine D et calcium<\/strong> : Pour la sant\u00e9 osseuse et la croissance<\/li><li class=\"whitespace-normal break-words\"><strong>Fer et zinc<\/strong> : Pour le d\u00e9veloppement cognitif et immunitaire<\/li><li class=\"whitespace-normal break-words\"><strong>Om\u00e9ga-3<\/strong> : Pour le d\u00e9veloppement c\u00e9r\u00e9bral<\/li><\/ul><h3 class=\"text-lg font-bold text-text-200 mt-1 -mb-1.5\">Sportifs v\u00e9g\u00e9tariens<\/h3><p class=\"whitespace-pre-wrap break-words\">Besoins nutritionnels adapt\u00e9s \u00e0 l&rsquo;intensit\u00e9 de l&rsquo;effort :<\/p><ul class=\"[&amp;:not(:last-child)_ul]:pb-1 [&amp;:not(:last-child)_ol]:pb-1 list-disc space-y-1.5 pl-7\"><li class=\"whitespace-normal break-words\"><strong>Prot\u00e9ines<\/strong> : Besoins potentiellement augment\u00e9s<\/li><li class=\"whitespace-normal break-words\"><strong>Cr\u00e9atine<\/strong> : Naturellement pr\u00e9sente dans la viande, peut \u00eatre b\u00e9n\u00e9fique en suppl\u00e9mentation<\/li><li class=\"whitespace-normal break-words\"><strong>Fer<\/strong> : Pertes accrues notamment dans les sports d&rsquo;endurance<\/li><li class=\"whitespace-normal break-words\"><strong>Zinc<\/strong> : Pertes par la transpiration<\/li><li class=\"whitespace-normal break-words\"><strong>B12<\/strong> : Impliqu\u00e9e dans la production d&rsquo;\u00e9nergie<\/li><\/ul><h1 class=\"text-xl font-bold text-text-200 mt-1 -mb-0.5\">Perspectives et innovations<\/h1><h3 class=\"text-lg font-bold text-text-200 mt-1 -mb-1.5\">Aliments enrichis et nouveaux ingr\u00e9dients<\/h3><p class=\"whitespace-pre-wrap break-words\">Le march\u00e9 propose de plus en plus d&rsquo;alternatives :<\/p><ul class=\"[&amp;:not(:last-child)_ul]:pb-1 [&amp;:not(:last-child)_ol]:pb-1 list-disc space-y-1.5 pl-7\"><li class=\"whitespace-normal break-words\"><strong>Levures enrichies<\/strong> en vitamines du groupe B<\/li><li class=\"whitespace-normal break-words\"><strong>Algues<\/strong> comme sources d&rsquo;om\u00e9ga-3, de prot\u00e9ines et de micronutriments<\/li><li class=\"whitespace-normal break-words\"><strong>Champignons enrichis en vitamine D<\/strong> par exposition aux UV<\/li><li class=\"whitespace-normal break-words\"><strong>Fermentations microbiennes<\/strong> produisant des nutriments habituellement d&rsquo;origine animale<\/li><\/ul><h3 class=\"text-lg font-bold text-text-200 mt-1 -mb-1.5\">Approche \u00ab\u00a0food first\u00a0\u00bb vs suppl\u00e9mentation<\/h3><p class=\"whitespace-pre-wrap break-words\">Une tendance \u00e9merge vers une approche privil\u00e9giant d&rsquo;abord l&rsquo;optimisation alimentaire :<\/p><ul class=\"[&amp;:not(:last-child)_ul]:pb-1 [&amp;:not(:last-child)_ol]:pb-1 list-disc space-y-1.5 pl-7\"><li class=\"whitespace-normal break-words\">Techniques culinaires optimisant la biodisponibilit\u00e9 des nutriments<\/li><li class=\"whitespace-normal break-words\">Combinaisons alimentaires synergiques<\/li><li class=\"whitespace-normal break-words\">R\u00e9duction des anti-nutriments<\/li><li class=\"whitespace-normal break-words\">Suppl\u00e9mentation cibl\u00e9e uniquement lorsque n\u00e9cessaire<\/li><\/ul><h1 class=\"text-xl font-bold text-text-200 mt-1 -mb-0.5\">Conclusions<\/h1><p class=\"whitespace-pre-wrap break-words\">Un r\u00e9gime v\u00e9g\u00e9tarien \u00e9quilibr\u00e9 peut offrir tous les nutriments essentiels \u00e0 la sant\u00e9, \u00e0 condition d&rsquo;\u00eatre bien planifi\u00e9 et, dans certains cas, compl\u00e9t\u00e9 par des suppl\u00e9ments cibl\u00e9s. L&rsquo;approche la plus sage consiste \u00e0 :<\/p><ol class=\"[&amp;:not(:last-child)_ul]:pb-1 [&amp;:not(:last-child)_ol]:pb-1 list-decimal space-y-1.5 pl-7\"><li class=\"whitespace-normal break-words\">Privil\u00e9gier une grande diversit\u00e9 d&rsquo;aliments v\u00e9g\u00e9taux non transform\u00e9s<\/li><li class=\"whitespace-normal break-words\">S&rsquo;\u00e9duquer sur les sources v\u00e9g\u00e9tales de nutriments essentiels<\/li><li class=\"whitespace-normal break-words\">Consid\u00e9rer les compl\u00e9ments comme une assurance nutritionnelle, particuli\u00e8rement pour les nutriments difficiles \u00e0 obtenir en quantit\u00e9 suffisante (B12, D, om\u00e9ga-3)<\/li><li class=\"whitespace-normal break-words\">Adapter la suppl\u00e9mentation \u00e0 ses besoins individuels, id\u00e9alement avec l&rsquo;aide d&rsquo;un professionnel de sant\u00e9<\/li><li class=\"whitespace-normal break-words\">R\u00e9\u00e9valuer p\u00e9riodiquement ses besoins et ajuster en cons\u00e9quence<\/li><\/ol><p class=\"whitespace-pre-wrap break-words\">Cette approche \u00e9quilibr\u00e9e permet de b\u00e9n\u00e9ficier des nombreux avantages de l&rsquo;alimentation v\u00e9g\u00e9tarienne tout en \u00e9vitant les potentiels \u00e9cueils nutritionnels, pour une sant\u00e9 optimale \u00e0 long terme.<\/p>\t\t\t\t\t\t\t\t<\/div>\n\t\t\t\t<\/div>\n\t\t\t\t\t<\/div>\n\t\t<\/div>\n\t\t\t\t\t<\/div>\n\t\t<\/section>\n\t\t\t\t<\/div>\n\t\t","protected":false},"excerpt":{"rendered":"<p>L&rsquo;adoption d&rsquo;un r\u00e9gime v\u00e9g\u00e9tarien conna\u00eet une progression constante \u00e0 travers le monde, motiv\u00e9e par des consid\u00e9rations \u00e9thiques, environnementales et de sant\u00e9. Si une alimentation v\u00e9g\u00e9tarienne bien planifi\u00e9e peut apporter tous [&hellip;]<\/p>\n","protected":false},"author":569,"featured_media":8244,"comment_status":"open","ping_status":"open","sticky":false,"template":"","format":"standard","meta":{"footnotes":""},"categories":[219],"tags":[],"class_list":["post-8239","post","type-post","status-publish","format-standard","has-post-thumbnail","hentry","category-informations-medicales"],"publishpress_future_action":{"enabled":false,"date":"2026-05-08 01:31:47","action":"change-status","newStatus":"draft","terms":[],"taxonomy":"category","extraData":[]},"publishpress_future_workflow_manual_trigger":{"enabledWorkflows":[]},"_links":{"self":[{"href":"https:\/\/suisse-fibromyalgie.ch\/it\/wp-json\/wp\/v2\/posts\/8239","targetHints":{"allow":["GET"]}}],"collection":[{"href":"https:\/\/suisse-fibromyalgie.ch\/it\/wp-json\/wp\/v2\/posts"}],"about":[{"href":"https:\/\/suisse-fibromyalgie.ch\/it\/wp-json\/wp\/v2\/types\/post"}],"author":[{"embeddable":true,"href":"https:\/\/suisse-fibromyalgie.ch\/it\/wp-json\/wp\/v2\/users\/569"}],"replies":[{"embeddable":true,"href":"https:\/\/suisse-fibromyalgie.ch\/it\/wp-json\/wp\/v2\/comments?post=8239"}],"version-history":[{"count":4,"href":"https:\/\/suisse-fibromyalgie.ch\/it\/wp-json\/wp\/v2\/posts\/8239\/revisions"}],"predecessor-version":[{"id":8243,"href":"https:\/\/suisse-fibromyalgie.ch\/it\/wp-json\/wp\/v2\/posts\/8239\/revisions\/8243"}],"wp:featuredmedia":[{"embeddable":true,"href":"https:\/\/suisse-fibromyalgie.ch\/it\/wp-json\/wp\/v2\/media\/8244"}],"wp:attachment":[{"href":"https:\/\/suisse-fibromyalgie.ch\/it\/wp-json\/wp\/v2\/media?parent=8239"}],"wp:term":[{"taxonomy":"category","embeddable":true,"href":"https:\/\/suisse-fibromyalgie.ch\/it\/wp-json\/wp\/v2\/categories?post=8239"},{"taxonomy":"post_tag","embeddable":true,"href":"https:\/\/suisse-fibromyalgie.ch\/it\/wp-json\/wp\/v2\/tags?post=8239"}],"curies":[{"name":"wp","href":"https:\/\/api.w.org\/{rel}","templated":true}]}}