{"id":9705,"date":"2026-05-02T11:33:16","date_gmt":"2026-05-02T09:33:16","guid":{"rendered":"https:\/\/suisse-fibromyalgie.ch\/?p=9705"},"modified":"2026-05-02T11:35:18","modified_gmt":"2026-05-02T09:35:18","slug":"michel-sylvie","status":"publish","type":"post","link":"https:\/\/suisse-fibromyalgie.ch\/fr\/michel-sylvie\/","title":{"rendered":"Michel Sylvie"},"content":{"rendered":"\t\t<div data-elementor-type=\"wp-post\" data-elementor-id=\"9705\" class=\"elementor elementor-9705\" data-elementor-post-type=\"post\">\n\t\t\t\t\t\t<section class=\"elementor-section elementor-top-section elementor-element elementor-element-7818fcb elementor-section-boxed elementor-section-height-default elementor-section-height-default\" data-id=\"7818fcb\" data-element_type=\"section\" data-e-type=\"section\">\n\t\t\t\t\t\t<div class=\"elementor-container elementor-column-gap-default\">\n\t\t\t\t\t<div class=\"elementor-column elementor-col-33 elementor-top-column elementor-element elementor-element-bb0adc5\" data-id=\"bb0adc5\" data-element_type=\"column\" data-e-type=\"column\">\n\t\t\t<div class=\"elementor-widget-wrap elementor-element-populated\">\n\t\t\t\t\t\t<div class=\"elementor-element elementor-element-180f07a elementor-widget elementor-widget-image\" data-id=\"180f07a\" data-element_type=\"widget\" data-e-type=\"widget\" data-widget_type=\"image.default\">\n\t\t\t\t<div class=\"elementor-widget-container\">\n\t\t\t\t\t\t\t\t\t\t\t\t\t\t\t<img fetchpriority=\"high\" decoding=\"async\" width=\"800\" height=\"1004\" src=\"https:\/\/suisse-fibromyalgie.ch\/wp-content\/uploads\/Sylvie-Michel-2-816x1024.jpg\" class=\"attachment-large size-large wp-image-4512\" alt=\"\" srcset=\"https:\/\/suisse-fibromyalgie.ch\/wp-content\/uploads\/Sylvie-Michel-2-816x1024.jpg 816w, https:\/\/suisse-fibromyalgie.ch\/wp-content\/uploads\/Sylvie-Michel-2-239x300.jpg 239w, https:\/\/suisse-fibromyalgie.ch\/wp-content\/uploads\/Sylvie-Michel-2-768x964.jpg 768w, https:\/\/suisse-fibromyalgie.ch\/wp-content\/uploads\/Sylvie-Michel-2-10x12.jpg 10w, https:\/\/suisse-fibromyalgie.ch\/wp-content\/uploads\/Sylvie-Michel-2.jpg 877w\" sizes=\"(max-width: 800px) 100vw, 800px\" \/>\t\t\t\t\t\t\t\t\t\t\t\t\t\t\t<\/div>\n\t\t\t\t<\/div>\n\t\t\t\t\t<\/div>\n\t\t<\/div>\n\t\t\t\t<div class=\"elementor-column elementor-col-66 elementor-top-column elementor-element elementor-element-bfaf730\" data-id=\"bfaf730\" data-element_type=\"column\" data-e-type=\"column\">\n\t\t\t<div class=\"elementor-widget-wrap elementor-element-populated\">\n\t\t\t\t\t\t<div class=\"elementor-element elementor-element-3f2eead elementor-widget elementor-widget-text-editor\" data-id=\"3f2eead\" data-element_type=\"widget\" data-e-type=\"widget\" data-widget_type=\"text-editor.default\">\n\t\t\t\t<div class=\"elementor-widget-container\">\n\t\t\t\t\t\t\t\t\t<h2>Sylvie Michel, esth\u00e9ticienne et th\u00e9rapeute<\/h2><p class=\"bodytext\">Mes diff\u00e9rentes formations, observations et exp\u00e9riences m\u2019ont permis de comprendre l\u2019importance de l\u2019approche holistique de l\u2019\u00eatre humain. R\u00e9pondre au mieux \u00e0 ses besoins commence par la compr\u00e9hension de son fonctionnement et le respect de sa nature profonde. \u00catre \u00e0 l\u2019\u00e9coute, pratiquer de la pr\u00e9vention, harmoniser son corps et son esprit, \u00eatre en accord avec soi-m\u00eame, prendre conscience que nous sommes un produit de la Nature, autant de valeurs qui sont au centre de l\u2019institut<\/p><h3 class=\"bodytext\"><strong>La For\u00eat de Scissy.<\/strong><\/h3><div class=\"flexWrap\"><div class=\"module text\"><p class=\"bodytext\"><em>Reconnue par ses tiers, des m\u00e9decins g\u00e9n\u00e9ralistes, chirurgiens ou gyn\u00e9cologues recommandent ses soins en compl\u00e9mentarit\u00e9.<\/em><\/p><p class=\"font_8 wixui-rich-text__text\">Espace de soins beaut\u00e9, bien-\u00eatre et th\u00e9rapie<\/p><p class=\"font_8 wixui-rich-text__text\">-30% sur tous les soins disponibles \u00e0 l\u2019institut d\u00e8s un montant de 50.- CHF. Pour les membres de l\u2019ASFM ayant leurs cotisations \u00e0 jour.<\/p><p class=\"font_8 wixui-rich-text__text\">Veuillez s\u2019il vous pla\u00eet vous adresser au bureau de l\u2019ASFM pour avoir une validation.<\/p><p><strong><a href=\"https:\/\/laforetdescissy.ch\/\" target=\"_blank\" rel=\"noopener\">Pour en savoir plus, cliquez sur ce lien<\/a><\/strong><\/p><\/div><\/div>\t\t\t\t\t\t\t\t<\/div>\n\t\t\t\t<\/div>\n\t\t\t\t\t<\/div>\n\t\t<\/div>\n\t\t\t\t\t<\/div>\n\t\t<\/section>\n\t\t\t\t<\/div>\n\t\t","protected":false},"excerpt":{"rendered":"<p>Fribourg: Aubert Chantal<\/p>\n","protected":false},"author":569,"featured_media":4512,"comment_status":"open","ping_status":"open","sticky":false,"template":"","format":"standard","meta":{"footnotes":""},"categories":[215,227],"tags":[],"class_list":["post-9705","post","type-post","status-publish","format-standard","has-post-thumbnail","hentry","category-therapeutes","category-valais"],"publishpress_future_action":{"enabled":false,"date":"2026-05-09 13:44:04","action":"change-status","newStatus":"draft","terms":[],"taxonomy":"category","extraData":[]},"publishpress_future_workflow_manual_trigger":{"enabledWorkflows":[]},"_links":{"self":[{"href":"https:\/\/suisse-fibromyalgie.ch\/fr\/wp-json\/wp\/v2\/posts\/9705","targetHints":{"allow":["GET"]}}],"collection":[{"href":"https:\/\/suisse-fibromyalgie.ch\/fr\/wp-json\/wp\/v2\/posts"}],"about":[{"href":"https:\/\/suisse-fibromyalgie.ch\/fr\/wp-json\/wp\/v2\/types\/post"}],"author":[{"embeddable":true,"href":"https:\/\/suisse-fibromyalgie.ch\/fr\/wp-json\/wp\/v2\/users\/569"}],"replies":[{"embeddable":true,"href":"https:\/\/suisse-fibromyalgie.ch\/fr\/wp-json\/wp\/v2\/comments?post=9705"}],"version-history":[{"count":7,"href":"https:\/\/suisse-fibromyalgie.ch\/fr\/wp-json\/wp\/v2\/posts\/9705\/revisions"}],"predecessor-version":[{"id":9712,"href":"https:\/\/suisse-fibromyalgie.ch\/fr\/wp-json\/wp\/v2\/posts\/9705\/revisions\/9712"}],"wp:featuredmedia":[{"embeddable":true,"href":"https:\/\/suisse-fibromyalgie.ch\/fr\/wp-json\/wp\/v2\/media\/4512"}],"wp:attachment":[{"href":"https:\/\/suisse-fibromyalgie.ch\/fr\/wp-json\/wp\/v2\/media?parent=9705"}],"wp:term":[{"taxonomy":"category","embeddable":true,"href":"https:\/\/suisse-fibromyalgie.ch\/fr\/wp-json\/wp\/v2\/categories?post=9705"},{"taxonomy":"post_tag","embeddable":true,"href":"https:\/\/suisse-fibromyalgie.ch\/fr\/wp-json\/wp\/v2\/tags?post=9705"}],"curies":[{"name":"wp","href":"https:\/\/api.w.org\/{rel}","templated":true}]}}