{"id":9671,"date":"2026-05-01T23:37:07","date_gmt":"2026-05-01T21:37:07","guid":{"rendered":"https:\/\/suisse-fibromyalgie.ch\/?p=9671"},"modified":"2026-05-01T23:41:15","modified_gmt":"2026-05-01T21:41:15","slug":"casanova-andre","status":"publish","type":"post","link":"https:\/\/suisse-fibromyalgie.ch\/fr\/casanova-andre\/","title":{"rendered":"Casanova Andr\u00e9"},"content":{"rendered":"\t\t<div data-elementor-type=\"wp-post\" data-elementor-id=\"9671\" class=\"elementor elementor-9671\" data-elementor-post-type=\"post\">\n\t\t\t\t\t\t<section class=\"elementor-section elementor-top-section elementor-element elementor-element-779bc32 elementor-section-boxed elementor-section-height-default elementor-section-height-default\" data-id=\"779bc32\" data-element_type=\"section\" data-e-type=\"section\">\n\t\t\t\t\t\t<div class=\"elementor-container elementor-column-gap-default\">\n\t\t\t\t\t<div class=\"elementor-column elementor-col-33 elementor-top-column elementor-element elementor-element-91a92dd\" data-id=\"91a92dd\" data-element_type=\"column\" data-e-type=\"column\">\n\t\t\t<div class=\"elementor-widget-wrap elementor-element-populated\">\n\t\t\t\t\t\t<div class=\"elementor-element elementor-element-f8486db elementor-widget elementor-widget-image\" data-id=\"f8486db\" data-element_type=\"widget\" data-e-type=\"widget\" data-widget_type=\"image.default\">\n\t\t\t\t<div class=\"elementor-widget-container\">\n\t\t\t\t\t\t\t\t\t\t\t\t\t\t\t<img fetchpriority=\"high\" decoding=\"async\" width=\"800\" height=\"289\" src=\"https:\/\/suisse-fibromyalgie.ch\/wp-content\/uploads\/Photo-Andre-Casanova-1024x370.jpg\" class=\"attachment-large size-large wp-image-4672\" alt=\"\" srcset=\"https:\/\/suisse-fibromyalgie.ch\/wp-content\/uploads\/Photo-Andre-Casanova-1024x370.jpg 1024w, https:\/\/suisse-fibromyalgie.ch\/wp-content\/uploads\/Photo-Andre-Casanova-300x108.jpg 300w, https:\/\/suisse-fibromyalgie.ch\/wp-content\/uploads\/Photo-Andre-Casanova-768x278.jpg 768w, https:\/\/suisse-fibromyalgie.ch\/wp-content\/uploads\/Photo-Andre-Casanova-18x7.jpg 18w, https:\/\/suisse-fibromyalgie.ch\/wp-content\/uploads\/Photo-Andre-Casanova.jpg 1223w\" sizes=\"(max-width: 800px) 100vw, 800px\" \/>\t\t\t\t\t\t\t\t\t\t\t\t\t\t\t<\/div>\n\t\t\t\t<\/div>\n\t\t\t\t\t<\/div>\n\t\t<\/div>\n\t\t\t\t<div class=\"elementor-column elementor-col-66 elementor-top-column elementor-element elementor-element-462b087\" data-id=\"462b087\" data-element_type=\"column\" data-e-type=\"column\">\n\t\t\t<div class=\"elementor-widget-wrap elementor-element-populated\">\n\t\t\t\t\t\t<div class=\"elementor-element elementor-element-d837556 elementor-widget elementor-widget-text-editor\" data-id=\"d837556\" data-element_type=\"widget\" data-e-type=\"widget\" data-widget_type=\"text-editor.default\">\n\t\t\t\t<div class=\"elementor-widget-container\">\n\t\t\t\t\t\t\t\t\t<p class=\"font_8 wixui-rich-text__text\">Th\u00e9rapeute form\u00e9 dans le m\u00e9dical et sp\u00e9cialis\u00e9 dans la sant\u00e9 psycho-\u00e9motionelle. Il compte d\u00e9j\u00e0 avec plusieurs ann\u00e9es d\u2019exp\u00e9rience. Atypique, dr\u00f4le et percutant, Andr\u00e9 Casanova accompagne les personnes et les entreprises de tout horizon.<\/p><p class=\"font_8 wixui-rich-text__text\">Form\u00e9 initialement dans le m\u00e9dical, il est dot\u00e9 d\u2019une sensibilit\u00e9 hors norme. Il alterne de fa\u00e7on in\u00e9e entre les postures de mentor, de coach de vie et bien plus encore.<\/p><p class=\"font_8 wixui-rich-text__text\">La clairvoyance, l\u2019intuition, ainsi qu\u2019une communication hors pair sont ses outils de guidance.<\/p><p class=\"font_8 wixui-rich-text__text\">Des questions pertinentes, certaines incisives, une \u00e9coute en un humour singuliers donne aux s\u00e9ances un caract\u00e8re unique.<\/p><p class=\"font_8 wixui-rich-text__text\">Le d\u00e9codage biologique est sans doute mon outil principal. Il consiste \u00e0 comprendre la cause des probl\u00e8mes physiques d\u2019origine psycho-\u00e9motionnel.\u00a0<\/p><p><a href=\"https:\/\/www.casanovaandre.com\/\"><strong>En savoir plus \u2192<\/strong><\/a><\/p>\t\t\t\t\t\t\t\t<\/div>\n\t\t\t\t<\/div>\n\t\t\t\t\t<\/div>\n\t\t<\/div>\n\t\t\t\t\t<\/div>\n\t\t<\/section>\n\t\t\t\t<\/div>\n\t\t","protected":false},"excerpt":{"rendered":"<p>Fribourg: Aubert Chantal<\/p>\n","protected":false},"author":569,"featured_media":4672,"comment_status":"open","ping_status":"open","sticky":false,"template":"","format":"standard","meta":{"footnotes":""},"categories":[215,227],"tags":[],"class_list":["post-9671","post","type-post","status-publish","format-standard","has-post-thumbnail","hentry","category-therapeutes","category-valais"],"publishpress_future_action":{"enabled":false,"date":"2026-05-09 05:33:31","action":"change-status","newStatus":"draft","terms":[],"taxonomy":"category","extraData":[]},"publishpress_future_workflow_manual_trigger":{"enabledWorkflows":[]},"_links":{"self":[{"href":"https:\/\/suisse-fibromyalgie.ch\/fr\/wp-json\/wp\/v2\/posts\/9671","targetHints":{"allow":["GET"]}}],"collection":[{"href":"https:\/\/suisse-fibromyalgie.ch\/fr\/wp-json\/wp\/v2\/posts"}],"about":[{"href":"https:\/\/suisse-fibromyalgie.ch\/fr\/wp-json\/wp\/v2\/types\/post"}],"author":[{"embeddable":true,"href":"https:\/\/suisse-fibromyalgie.ch\/fr\/wp-json\/wp\/v2\/users\/569"}],"replies":[{"embeddable":true,"href":"https:\/\/suisse-fibromyalgie.ch\/fr\/wp-json\/wp\/v2\/comments?post=9671"}],"version-history":[{"count":4,"href":"https:\/\/suisse-fibromyalgie.ch\/fr\/wp-json\/wp\/v2\/posts\/9671\/revisions"}],"predecessor-version":[{"id":9675,"href":"https:\/\/suisse-fibromyalgie.ch\/fr\/wp-json\/wp\/v2\/posts\/9671\/revisions\/9675"}],"wp:featuredmedia":[{"embeddable":true,"href":"https:\/\/suisse-fibromyalgie.ch\/fr\/wp-json\/wp\/v2\/media\/4672"}],"wp:attachment":[{"href":"https:\/\/suisse-fibromyalgie.ch\/fr\/wp-json\/wp\/v2\/media?parent=9671"}],"wp:term":[{"taxonomy":"category","embeddable":true,"href":"https:\/\/suisse-fibromyalgie.ch\/fr\/wp-json\/wp\/v2\/categories?post=9671"},{"taxonomy":"post_tag","embeddable":true,"href":"https:\/\/suisse-fibromyalgie.ch\/fr\/wp-json\/wp\/v2\/tags?post=9671"}],"curies":[{"name":"wp","href":"https:\/\/api.w.org\/{rel}","templated":true}]}}