{"id":9656,"date":"2026-05-01T19:26:19","date_gmt":"2026-05-01T17:26:19","guid":{"rendered":"https:\/\/suisse-fibromyalgie.ch\/?p=9656"},"modified":"2026-05-01T19:27:07","modified_gmt":"2026-05-01T17:27:07","slug":"surmeli-budak-hulya","status":"publish","type":"post","link":"https:\/\/suisse-fibromyalgie.ch\/fr\/surmeli-budak-hulya\/","title":{"rendered":"Surmeli Budak Hulya"},"content":{"rendered":"\t\t<div data-elementor-type=\"wp-post\" data-elementor-id=\"9656\" class=\"elementor elementor-9656\" data-elementor-post-type=\"post\">\n\t\t\t\t\t\t<section class=\"elementor-section elementor-top-section elementor-element elementor-element-0fb499b elementor-section-boxed elementor-section-height-default elementor-section-height-default\" data-id=\"0fb499b\" data-element_type=\"section\" data-e-type=\"section\">\n\t\t\t\t\t\t<div class=\"elementor-container elementor-column-gap-default\">\n\t\t\t\t\t<div class=\"elementor-column elementor-col-33 elementor-top-column elementor-element elementor-element-19ba4ad\" data-id=\"19ba4ad\" data-element_type=\"column\" data-e-type=\"column\">\n\t\t\t<div class=\"elementor-widget-wrap elementor-element-populated\">\n\t\t\t\t\t\t<div class=\"elementor-element elementor-element-c6cb545 elementor-widget elementor-widget-image\" data-id=\"c6cb545\" data-element_type=\"widget\" data-e-type=\"widget\" data-widget_type=\"image.default\">\n\t\t\t\t<div class=\"elementor-widget-container\">\n\t\t\t\t\t\t\t\t\t\t\t\t\t\t\t<img fetchpriority=\"high\" decoding=\"async\" width=\"400\" height=\"400\" src=\"https:\/\/suisse-fibromyalgie.ch\/wp-content\/uploads\/Hulya-Surmeli-Budak.jpg\" class=\"attachment-large size-large wp-image-6455\" alt=\"\" srcset=\"https:\/\/suisse-fibromyalgie.ch\/wp-content\/uploads\/Hulya-Surmeli-Budak.jpg 400w, https:\/\/suisse-fibromyalgie.ch\/wp-content\/uploads\/Hulya-Surmeli-Budak-300x300.jpg 300w, https:\/\/suisse-fibromyalgie.ch\/wp-content\/uploads\/Hulya-Surmeli-Budak-150x150.jpg 150w, https:\/\/suisse-fibromyalgie.ch\/wp-content\/uploads\/Hulya-Surmeli-Budak-12x12.jpg 12w\" sizes=\"(max-width: 400px) 100vw, 400px\" \/>\t\t\t\t\t\t\t\t\t\t\t\t\t\t\t<\/div>\n\t\t\t\t<\/div>\n\t\t\t\t\t<\/div>\n\t\t<\/div>\n\t\t\t\t<div class=\"elementor-column elementor-col-66 elementor-top-column elementor-element elementor-element-9e5c2ea\" data-id=\"9e5c2ea\" data-element_type=\"column\" data-e-type=\"column\">\n\t\t\t<div class=\"elementor-widget-wrap elementor-element-populated\">\n\t\t\t\t\t\t<div class=\"elementor-element elementor-element-ef2d954 elementor-widget elementor-widget-text-editor\" data-id=\"ef2d954\" data-element_type=\"widget\" data-e-type=\"widget\" data-widget_type=\"text-editor.default\">\n\t\t\t\t<div class=\"elementor-widget-container\">\n\t\t\t\t\t\t\t\t\t<section class=\"elementor-section elementor-top-section elementor-element elementor-element-5643a8c elementor-section-boxed elementor-section-height-default elementor-section-height-default\" data-id=\"5643a8c\" data-element_type=\"section\" data-e-type=\"section\"><div class=\"elementor-container elementor-column-gap-default\"><div class=\"elementor-column elementor-col-50 elementor-top-column elementor-element elementor-element-d7d3abd\" data-id=\"d7d3abd\" data-element_type=\"column\" data-e-type=\"column\"><div class=\"elementor-widget-wrap elementor-element-populated\"><div class=\"elementor-element elementor-element-cdd1fa2 elementor-widget elementor-widget-text-editor\" data-id=\"cdd1fa2\" data-element_type=\"widget\" data-e-type=\"widget\" data-widget_type=\"text-editor.default\"><div class=\"elementor-widget-container\"><div id=\"comp-l220jsmo1\" class=\"HcOXKn c9GqVL QxJLC3 comp-l220jsmo1 wixui-rich-text\" data-testid=\"richTextElement\"><p>Depuis mon plus jeune \u00e2ge, j\u2019ai \u00e9t\u00e9 confront\u00e9e \u00e0 des probl\u00e8mes de sant\u00e9 qui m\u2019ont pouss\u00e9 \u00e0 chercher des solutions pour soulager mes sympt\u00f4mes. \u00c0 l\u2019\u00e2ge de 12 ans, j\u2019ai d\u00e9couvert la m\u00e9ditation et la relaxation, qui sont rapidement devenues mes principales m\u00e9thodes.<\/p><p>Je souhaitais aller plus loin et acqu\u00e9rir des comp\u00e9tences plus avanc\u00e9es. C\u2019est pourquoi j\u2019ai d\u00e9cid\u00e9 de suivre des formations qualifiantes et particip\u00e9 \u00e0 des stages intensifs anim\u00e9s par des experts, en 2018, j\u2019ai d\u00e9couvert le Di\u00ean Ch\u00e2n, une r\u00e9flexologie fasciale qui permet d\u2019apaiser et de soulager le corps et l\u2019esprit, en 2020, la fascia th\u00e9rapie.<\/p><\/div><\/div><\/div><\/div><\/div><\/div><\/section><section class=\"elementor-section elementor-top-section elementor-element elementor-element-a132b37 elementor-section-boxed elementor-section-height-default elementor-section-height-default\" data-id=\"a132b37\" data-element_type=\"section\" data-e-type=\"section\"><div class=\"elementor-container elementor-column-gap-default\"><div class=\"elementor-column elementor-col-50 elementor-top-column elementor-element elementor-element-c22d6a6\" data-id=\"c22d6a6\" data-element_type=\"column\" data-e-type=\"column\"><div class=\"elementor-widget-wrap elementor-element-populated\"><div class=\"elementor-element elementor-element-b89b5c2 elementor-widget elementor-widget-text-editor\" data-id=\"b89b5c2\" data-element_type=\"widget\" data-e-type=\"widget\" data-widget_type=\"text-editor.default\"><div class=\"elementor-widget-container\"><h6>Pour en savoir plus:<\/h6><\/div><\/div><\/div><\/div><div class=\"elementor-column elementor-col-50 elementor-top-column elementor-element elementor-element-8e68406\" data-id=\"8e68406\" data-element_type=\"column\" data-e-type=\"column\"><div class=\"elementor-widget-wrap elementor-element-populated\"><div class=\"elementor-element elementor-element-b757500 elementor-widget elementor-widget-text-editor\" data-id=\"b757500\" data-element_type=\"widget\" data-e-type=\"widget\" data-widget_type=\"text-editor.default\"><div class=\"elementor-widget-container\"><p>Rue du Concert 6, 2000 Neuch\u00e2tel<\/p><p>hulya.therapie@gmail.com<\/p><p>+41 (0)79 740 19 41<\/p><\/div><\/div><\/div><\/div><\/div><\/section>\t\t\t\t\t\t\t\t<\/div>\n\t\t\t\t<\/div>\n\t\t\t\t\t<\/div>\n\t\t<\/div>\n\t\t\t\t\t<\/div>\n\t\t<\/section>\n\t\t\t\t<\/div>\n\t\t","protected":false},"excerpt":{"rendered":"<p>Fribourg: Aubert Chantal<\/p>\n","protected":false},"author":569,"featured_media":6455,"comment_status":"open","ping_status":"open","sticky":false,"template":"","format":"standard","meta":{"footnotes":""},"categories":[226,215],"tags":[],"class_list":["post-9656","post","type-post","status-publish","format-standard","has-post-thumbnail","hentry","category-neuchatel","category-therapeutes"],"publishpress_future_action":{"enabled":false,"date":"2026-05-09 12:36:39","action":"change-status","newStatus":"draft","terms":[],"taxonomy":"category","extraData":[]},"publishpress_future_workflow_manual_trigger":{"enabledWorkflows":[]},"_links":{"self":[{"href":"https:\/\/suisse-fibromyalgie.ch\/fr\/wp-json\/wp\/v2\/posts\/9656","targetHints":{"allow":["GET"]}}],"collection":[{"href":"https:\/\/suisse-fibromyalgie.ch\/fr\/wp-json\/wp\/v2\/posts"}],"about":[{"href":"https:\/\/suisse-fibromyalgie.ch\/fr\/wp-json\/wp\/v2\/types\/post"}],"author":[{"embeddable":true,"href":"https:\/\/suisse-fibromyalgie.ch\/fr\/wp-json\/wp\/v2\/users\/569"}],"replies":[{"embeddable":true,"href":"https:\/\/suisse-fibromyalgie.ch\/fr\/wp-json\/wp\/v2\/comments?post=9656"}],"version-history":[{"count":4,"href":"https:\/\/suisse-fibromyalgie.ch\/fr\/wp-json\/wp\/v2\/posts\/9656\/revisions"}],"predecessor-version":[{"id":9660,"href":"https:\/\/suisse-fibromyalgie.ch\/fr\/wp-json\/wp\/v2\/posts\/9656\/revisions\/9660"}],"wp:featuredmedia":[{"embeddable":true,"href":"https:\/\/suisse-fibromyalgie.ch\/fr\/wp-json\/wp\/v2\/media\/6455"}],"wp:attachment":[{"href":"https:\/\/suisse-fibromyalgie.ch\/fr\/wp-json\/wp\/v2\/media?parent=9656"}],"wp:term":[{"taxonomy":"category","embeddable":true,"href":"https:\/\/suisse-fibromyalgie.ch\/fr\/wp-json\/wp\/v2\/categories?post=9656"},{"taxonomy":"post_tag","embeddable":true,"href":"https:\/\/suisse-fibromyalgie.ch\/fr\/wp-json\/wp\/v2\/tags?post=9656"}],"curies":[{"name":"wp","href":"https:\/\/api.w.org\/{rel}","templated":true}]}}