{"id":9651,"date":"2026-05-01T18:27:07","date_gmt":"2026-05-01T16:27:07","guid":{"rendered":"https:\/\/suisse-fibromyalgie.ch\/?p=9651"},"modified":"2026-05-01T18:28:04","modified_gmt":"2026-05-01T16:28:04","slug":"de-frino-florence-2","status":"publish","type":"post","link":"https:\/\/suisse-fibromyalgie.ch\/fr\/de-frino-florence-2\/","title":{"rendered":"De Frino Florence"},"content":{"rendered":"\t\t<div data-elementor-type=\"wp-post\" data-elementor-id=\"9651\" class=\"elementor elementor-9651\" data-elementor-post-type=\"post\">\n\t\t\t\t\t\t<section class=\"elementor-section elementor-top-section elementor-element elementor-element-0fb499b elementor-section-boxed elementor-section-height-default elementor-section-height-default\" data-id=\"0fb499b\" data-element_type=\"section\" data-e-type=\"section\">\n\t\t\t\t\t\t<div class=\"elementor-container elementor-column-gap-default\">\n\t\t\t\t\t<div class=\"elementor-column elementor-col-33 elementor-top-column elementor-element elementor-element-19ba4ad\" data-id=\"19ba4ad\" data-element_type=\"column\" data-e-type=\"column\">\n\t\t\t<div class=\"elementor-widget-wrap elementor-element-populated\">\n\t\t\t\t\t\t<div class=\"elementor-element elementor-element-c6cb545 elementor-widget elementor-widget-image\" data-id=\"c6cb545\" data-element_type=\"widget\" data-e-type=\"widget\" data-widget_type=\"image.default\">\n\t\t\t\t<div class=\"elementor-widget-container\">\n\t\t\t\t\t\t\t\t\t\t\t\t\t\t\t<img fetchpriority=\"high\" decoding=\"async\" width=\"772\" height=\"1024\" src=\"https:\/\/suisse-fibromyalgie.ch\/wp-content\/uploads\/De-Frino-Florence-772x1024.jpg\" class=\"attachment-large size-large wp-image-5591\" alt=\"\" srcset=\"https:\/\/suisse-fibromyalgie.ch\/wp-content\/uploads\/De-Frino-Florence-772x1024.jpg 772w, https:\/\/suisse-fibromyalgie.ch\/wp-content\/uploads\/De-Frino-Florence-226x300.jpg 226w, https:\/\/suisse-fibromyalgie.ch\/wp-content\/uploads\/De-Frino-Florence-768x1019.jpg 768w, https:\/\/suisse-fibromyalgie.ch\/wp-content\/uploads\/De-Frino-Florence-9x12.jpg 9w, https:\/\/suisse-fibromyalgie.ch\/wp-content\/uploads\/De-Frino-Florence.jpg 1158w\" sizes=\"(max-width: 772px) 100vw, 772px\" \/>\t\t\t\t\t\t\t\t\t\t\t\t\t\t\t<\/div>\n\t\t\t\t<\/div>\n\t\t\t\t\t<\/div>\n\t\t<\/div>\n\t\t\t\t<div class=\"elementor-column elementor-col-66 elementor-top-column elementor-element elementor-element-9e5c2ea\" data-id=\"9e5c2ea\" data-element_type=\"column\" data-e-type=\"column\">\n\t\t\t<div class=\"elementor-widget-wrap elementor-element-populated\">\n\t\t\t\t\t\t<div class=\"elementor-element elementor-element-ef2d954 elementor-widget elementor-widget-text-editor\" data-id=\"ef2d954\" data-element_type=\"widget\" data-e-type=\"widget\" data-widget_type=\"text-editor.default\">\n\t\t\t\t<div class=\"elementor-widget-container\">\n\t\t\t\t\t\t\t\t\t<p>Passionn\u00e9e par les autres, j\u2019ai d\u00e9cid\u00e9 il y a quelques ann\u00e9es de r\u00e9orienter ma carri\u00e8re professionnelle.<\/p><p>Tout a commenc\u00e9 par une formation dipl\u00f4mante en\u00a0<strong>relaxation<\/strong>.<\/p><p>Puis, forte de cette exp\u00e9rience, je me suis dirig\u00e9e vers des \u00e9tudes compl\u00e9mentaires, me permettant d\u2019obtenir le titre de\u00a0<strong>Ma\u00eetre praticienne en hypnose<\/strong>.<\/p><p>De nature tr\u00e8s stress\u00e9e, j\u2019ai tout d\u2019abord test\u00e9 les techniques sur moi-m\u00eame, le r\u00e9sultat a \u00e9t\u00e9 au-del\u00e0 de mes attentes.<\/p><p>Suite \u00e0 cela, je me suis orient\u00e9es vers diverses formations me permettant d\u2019accompagner au mieux mes clients souffrant de\u00a0<strong>troubles anxieux<\/strong>. Etant d\u00e9j\u00e0 en procession d\u2019un dipl\u00f4me en relaxation, j\u2019ai d\u00e9cid\u00e9 d\u2019am\u00e9liorer ma pratique en y associant l\u2019hypnose, les deux techniques sont tr\u00e8s compl\u00e9mentaires pour un r\u00e9sultat optimal<strong>.<\/strong><\/p><ul><li>Formation continue Troubles anxieux et hypnose chez MHP<\/li><li>Formation continue Th\u00e9rapie br\u00e8ve orient\u00e9 solution chez MHP<\/li><li>Formation Techniques avanc\u00e9es d\u2019hypnose chez MHP<\/li><\/ul><p>Ces derni\u00e8res ann\u00e9es, je me suis essentiellement\u00a0<strong>sp\u00e9cialis\u00e9e en hypnose<\/strong>\u00a0pour les\u00a0<strong>enfants<\/strong>\u00a0et les\u00a0<strong>adolescents<\/strong>. C\u2019est un plaisir immense pour moi de pouvoir les soulager et les aider \u00e0 continuer leur vie plus sereinement.<\/p><ul><li>Formation continue enfant et hypnose chez MHP<\/li><li>Formation hypnose enfant de Lise Bartoli<\/li><li>Formation continue en p\u00e9dorelaxation (relaxation pour les enfants)<\/li><li>Formation \u00e0 la M\u00e9thode Barkley<\/li><\/ul><p>Venez essayer\u00a0<strong>l\u2019hypnose<\/strong>\u00a0!<\/p><p>Je vous re\u00e7ois dans mon cabinet au\u00a0<strong>Val-de-Ruz<\/strong>, plus pr\u00e9cis\u00e9ment dans le village de\u00a0<strong>Fenin,\u00a0<\/strong>\u00e0 seulement 10 minutes du centre-ville de<strong>\u00a0Neuch\u00e2tel<\/strong>.<\/p>\t\t\t\t\t\t\t\t<\/div>\n\t\t\t\t<\/div>\n\t\t\t\t\t<\/div>\n\t\t<\/div>\n\t\t\t\t\t<\/div>\n\t\t<\/section>\n\t\t\t\t<\/div>\n\t\t","protected":false},"excerpt":{"rendered":"<p>Fribourg: Aubert Chantal<\/p>\n","protected":false},"author":569,"featured_media":5591,"comment_status":"open","ping_status":"open","sticky":false,"template":"","format":"standard","meta":{"footnotes":""},"categories":[226,215],"tags":[],"class_list":["post-9651","post","type-post","status-publish","format-standard","has-post-thumbnail","hentry","category-neuchatel","category-therapeutes"],"publishpress_future_action":{"enabled":false,"date":"2026-05-09 09:30:20","action":"change-status","newStatus":"draft","terms":[],"taxonomy":"category","extraData":[]},"publishpress_future_workflow_manual_trigger":{"enabledWorkflows":[]},"_links":{"self":[{"href":"https:\/\/suisse-fibromyalgie.ch\/fr\/wp-json\/wp\/v2\/posts\/9651","targetHints":{"allow":["GET"]}}],"collection":[{"href":"https:\/\/suisse-fibromyalgie.ch\/fr\/wp-json\/wp\/v2\/posts"}],"about":[{"href":"https:\/\/suisse-fibromyalgie.ch\/fr\/wp-json\/wp\/v2\/types\/post"}],"author":[{"embeddable":true,"href":"https:\/\/suisse-fibromyalgie.ch\/fr\/wp-json\/wp\/v2\/users\/569"}],"replies":[{"embeddable":true,"href":"https:\/\/suisse-fibromyalgie.ch\/fr\/wp-json\/wp\/v2\/comments?post=9651"}],"version-history":[{"count":4,"href":"https:\/\/suisse-fibromyalgie.ch\/fr\/wp-json\/wp\/v2\/posts\/9651\/revisions"}],"predecessor-version":[{"id":9655,"href":"https:\/\/suisse-fibromyalgie.ch\/fr\/wp-json\/wp\/v2\/posts\/9651\/revisions\/9655"}],"wp:featuredmedia":[{"embeddable":true,"href":"https:\/\/suisse-fibromyalgie.ch\/fr\/wp-json\/wp\/v2\/media\/5591"}],"wp:attachment":[{"href":"https:\/\/suisse-fibromyalgie.ch\/fr\/wp-json\/wp\/v2\/media?parent=9651"}],"wp:term":[{"taxonomy":"category","embeddable":true,"href":"https:\/\/suisse-fibromyalgie.ch\/fr\/wp-json\/wp\/v2\/categories?post=9651"},{"taxonomy":"post_tag","embeddable":true,"href":"https:\/\/suisse-fibromyalgie.ch\/fr\/wp-json\/wp\/v2\/tags?post=9651"}],"curies":[{"name":"wp","href":"https:\/\/api.w.org\/{rel}","templated":true}]}}