{"id":9621,"date":"2026-05-01T18:05:49","date_gmt":"2026-05-01T16:05:49","guid":{"rendered":"https:\/\/suisse-fibromyalgie.ch\/?p=9621"},"modified":"2026-05-01T18:07:54","modified_gmt":"2026-05-01T16:07:54","slug":"chatelain-grob-sophie","status":"publish","type":"post","link":"https:\/\/suisse-fibromyalgie.ch\/fr\/chatelain-grob-sophie\/","title":{"rendered":"Chatelain Grob Sophie"},"content":{"rendered":"\t\t<div data-elementor-type=\"wp-post\" data-elementor-id=\"9621\" class=\"elementor elementor-9621\" data-elementor-post-type=\"post\">\n\t\t\t\t\t\t<section class=\"elementor-section elementor-top-section elementor-element elementor-element-0adf11e elementor-section-boxed elementor-section-height-default elementor-section-height-default\" data-id=\"0adf11e\" data-element_type=\"section\" data-e-type=\"section\">\n\t\t\t\t\t\t<div class=\"elementor-container elementor-column-gap-default\">\n\t\t\t\t\t<div class=\"elementor-column elementor-col-33 elementor-top-column elementor-element elementor-element-def34f5\" data-id=\"def34f5\" data-element_type=\"column\" data-e-type=\"column\">\n\t\t\t<div class=\"elementor-widget-wrap elementor-element-populated\">\n\t\t\t\t\t\t<div class=\"elementor-element elementor-element-f7cc809 elementor-widget elementor-widget-image\" data-id=\"f7cc809\" data-element_type=\"widget\" data-e-type=\"widget\" data-widget_type=\"image.default\">\n\t\t\t\t<div class=\"elementor-widget-container\">\n\t\t\t\t\t\t\t\t\t\t\t\t\t\t\t<img fetchpriority=\"high\" decoding=\"async\" width=\"467\" height=\"450\" src=\"https:\/\/suisse-fibromyalgie.ch\/wp-content\/uploads\/Chatelain-Grob-Sophie.jpg\" class=\"attachment-large size-large wp-image-5371\" alt=\"\" srcset=\"https:\/\/suisse-fibromyalgie.ch\/wp-content\/uploads\/Chatelain-Grob-Sophie.jpg 467w, https:\/\/suisse-fibromyalgie.ch\/wp-content\/uploads\/Chatelain-Grob-Sophie-300x289.jpg 300w, https:\/\/suisse-fibromyalgie.ch\/wp-content\/uploads\/Chatelain-Grob-Sophie-12x12.jpg 12w\" sizes=\"(max-width: 467px) 100vw, 467px\" \/>\t\t\t\t\t\t\t\t\t\t\t\t\t\t\t<\/div>\n\t\t\t\t<\/div>\n\t\t\t\t\t<\/div>\n\t\t<\/div>\n\t\t\t\t<div class=\"elementor-column elementor-col-66 elementor-top-column elementor-element elementor-element-6cbedab\" data-id=\"6cbedab\" data-element_type=\"column\" data-e-type=\"column\">\n\t\t\t<div class=\"elementor-widget-wrap elementor-element-populated\">\n\t\t\t\t\t\t<div class=\"elementor-element elementor-element-d249c39 elementor-widget elementor-widget-text-editor\" data-id=\"d249c39\" data-element_type=\"widget\" data-e-type=\"widget\" data-widget_type=\"text-editor.default\">\n\t\t\t\t<div class=\"elementor-widget-container\">\n\t\t\t\t\t\t\t\t\t<div id=\"bgLayers_comp-l2udy7w51\" class=\"MW5IWV\" data-hook=\"bgLayers\" data-motion-part=\"BG_LAYER\"><p id=\"bgMedia_comp-l2udy7w51\" class=\"VgO9Yg\" data-motion-part=\"BG_MEDIA\">Physioth\u00e9rapeute depuis plus de 20 ans, j\u2019ai voulu approfondir mon toucher par le toucher fin et d\u00e9licat qu\u2019est celui de la fasciath\u00e9rapie. Je m\u2019y suis attel\u00e9e en 2017, en suivant la formation de 3 ans \u00e0 l\u2019\u00e9cole Suisse de Fasciath\u00e9rapie de Lausanne. D\u00e9but 2022, je me suis sp\u00e9cialis\u00e9e en Fascia p\u00e9diatrique. Avec joie, je retrouve le monde des petits enfants, moi qui suis maman de trois grands enfants.<\/p><\/div><div id=\"comp-l2kprq1u\" class=\"HcOXKn SxM0TO QxJLC3 comp-l2kprq1u wixui-rich-text\" data-testid=\"richTextElement\"><h4 class=\"font_0 wixui-rich-text__text\"><span class=\"color_32 wixui-rich-text__text\"><span class=\"wixui-rich-text__text\">LA FASCIA, QU\u2019EST-CE QUE C\u2019EST?<\/span><\/span><\/h4><\/div><div id=\"comp-l2kprq1v\" class=\"HcOXKn SxM0TO QxJLC3 comp-l2kprq1v wixui-rich-text\" data-testid=\"richTextElement\"><p class=\"font_10 wixui-rich-text__text\"><span class=\"color_11 wixui-rich-text__text\">La fasciath\u00e9rapie selon Danis Bois (FDB) est une th\u00e9rapie manuelle qui date des ann\u00e9es 80.<\/span><\/p><p class=\"font_10 wixui-rich-text__text\"><span class=\"color_11 wixui-rich-text__text\">Le\u00a0fascia\u00a0est\u00a0une membrane qui\u00a0enveloppe toutes les structures du corps et les relient entre elles.\u00a0Comme\u00a0des toiles d\u2019araign\u00e9es, les\u00a0fascias enveloppent les muscles,\u00a0les organes (\u00a0intestins, coeur,\u00a0poumons), ainsi que le syst\u00e8me nerveux central et p\u00e9riph\u00e9rique. Gr\u00e2ce aux\u00a0connexions des\u00a0fascias entre les diff\u00e9rents syst\u00e8mes du corps, le fasciath\u00e9rapeute \u00a0peut travailler en profondeur comme en superficie\u00a0et r\u00e9tablir une harmonie psycho-corporelle en redonnant aux fascias souplesses et capacit\u00e9s d\u2019adaptation.\u00a0<\/span><\/p><p class=\"font_10 wixui-rich-text__text\"><span class=\"color_11 wixui-rich-text__text\">La fasciath\u00e9rapie est une\u00a0th\u00e9rapie qui utilise un toucher\u00a0doux, lent\u00a0et respectueux, \u00e0 l\u2019\u00e9coute de votre corps.<\/span><\/p><p><a href=\"https:\/\/www.sophysio.ch\/\"><strong>En savoir plus \u2192<\/strong><\/a><\/p><\/div>\t\t\t\t\t\t\t\t<\/div>\n\t\t\t\t<\/div>\n\t\t\t\t\t<\/div>\n\t\t<\/div>\n\t\t\t\t\t<\/div>\n\t\t<\/section>\n\t\t\t\t<\/div>\n\t\t","protected":false},"excerpt":{"rendered":"<p>Fribourg: Aubert Chantal<\/p>\n","protected":false},"author":569,"featured_media":5371,"comment_status":"open","ping_status":"open","sticky":false,"template":"","format":"standard","meta":{"footnotes":""},"categories":[226,215],"tags":[],"class_list":["post-9621","post","type-post","status-publish","format-standard","has-post-thumbnail","hentry","category-neuchatel","category-therapeutes"],"publishpress_future_action":{"enabled":false,"date":"2026-05-09 10:32:50","action":"change-status","newStatus":"draft","terms":[],"taxonomy":"category","extraData":[]},"publishpress_future_workflow_manual_trigger":{"enabledWorkflows":[]},"_links":{"self":[{"href":"https:\/\/suisse-fibromyalgie.ch\/fr\/wp-json\/wp\/v2\/posts\/9621","targetHints":{"allow":["GET"]}}],"collection":[{"href":"https:\/\/suisse-fibromyalgie.ch\/fr\/wp-json\/wp\/v2\/posts"}],"about":[{"href":"https:\/\/suisse-fibromyalgie.ch\/fr\/wp-json\/wp\/v2\/types\/post"}],"author":[{"embeddable":true,"href":"https:\/\/suisse-fibromyalgie.ch\/fr\/wp-json\/wp\/v2\/users\/569"}],"replies":[{"embeddable":true,"href":"https:\/\/suisse-fibromyalgie.ch\/fr\/wp-json\/wp\/v2\/comments?post=9621"}],"version-history":[{"count":4,"href":"https:\/\/suisse-fibromyalgie.ch\/fr\/wp-json\/wp\/v2\/posts\/9621\/revisions"}],"predecessor-version":[{"id":9626,"href":"https:\/\/suisse-fibromyalgie.ch\/fr\/wp-json\/wp\/v2\/posts\/9621\/revisions\/9626"}],"wp:featuredmedia":[{"embeddable":true,"href":"https:\/\/suisse-fibromyalgie.ch\/fr\/wp-json\/wp\/v2\/media\/5371"}],"wp:attachment":[{"href":"https:\/\/suisse-fibromyalgie.ch\/fr\/wp-json\/wp\/v2\/media?parent=9621"}],"wp:term":[{"taxonomy":"category","embeddable":true,"href":"https:\/\/suisse-fibromyalgie.ch\/fr\/wp-json\/wp\/v2\/categories?post=9621"},{"taxonomy":"post_tag","embeddable":true,"href":"https:\/\/suisse-fibromyalgie.ch\/fr\/wp-json\/wp\/v2\/tags?post=9621"}],"curies":[{"name":"wp","href":"https:\/\/api.w.org\/{rel}","templated":true}]}}