{"id":9587,"date":"2026-05-01T17:29:49","date_gmt":"2026-05-01T15:29:49","guid":{"rendered":"https:\/\/suisse-fibromyalgie.ch\/?p=9587"},"modified":"2026-05-01T17:37:05","modified_gmt":"2026-05-01T15:37:05","slug":"noir-fabien","status":"publish","type":"post","link":"https:\/\/suisse-fibromyalgie.ch\/fr\/noir-fabien\/","title":{"rendered":"Noir Fabien"},"content":{"rendered":"\t\t<div data-elementor-type=\"wp-post\" data-elementor-id=\"9587\" class=\"elementor elementor-9587\" data-elementor-post-type=\"post\">\n\t\t\t\t\t\t<section class=\"elementor-section elementor-top-section elementor-element elementor-element-ff494c7 elementor-section-boxed elementor-section-height-default elementor-section-height-default\" data-id=\"ff494c7\" data-element_type=\"section\" data-e-type=\"section\">\n\t\t\t\t\t\t<div class=\"elementor-container elementor-column-gap-default\">\n\t\t\t\t\t<div class=\"elementor-column elementor-col-33 elementor-top-column elementor-element elementor-element-81d2eae\" data-id=\"81d2eae\" data-element_type=\"column\" data-e-type=\"column\">\n\t\t\t<div class=\"elementor-widget-wrap elementor-element-populated\">\n\t\t\t\t\t\t<div class=\"elementor-element elementor-element-9c94818 elementor-widget elementor-widget-image\" data-id=\"9c94818\" data-element_type=\"widget\" data-e-type=\"widget\" data-widget_type=\"image.default\">\n\t\t\t\t<div class=\"elementor-widget-container\">\n\t\t\t\t\t\t\t\t\t\t\t\t\t\t\t<img fetchpriority=\"high\" decoding=\"async\" width=\"189\" height=\"285\" src=\"https:\/\/suisse-fibromyalgie.ch\/wp-content\/uploads\/Noir-Fabien.jpg\" class=\"attachment-large size-large wp-image-6200\" alt=\"\" srcset=\"https:\/\/suisse-fibromyalgie.ch\/wp-content\/uploads\/Noir-Fabien.jpg 189w, https:\/\/suisse-fibromyalgie.ch\/wp-content\/uploads\/Noir-Fabien-8x12.jpg 8w\" sizes=\"(max-width: 189px) 100vw, 189px\" \/>\t\t\t\t\t\t\t\t\t\t\t\t\t\t\t<\/div>\n\t\t\t\t<\/div>\n\t\t\t\t\t<\/div>\n\t\t<\/div>\n\t\t\t\t<div class=\"elementor-column elementor-col-66 elementor-top-column elementor-element elementor-element-4cb42ff\" data-id=\"4cb42ff\" data-element_type=\"column\" data-e-type=\"column\">\n\t\t\t<div class=\"elementor-widget-wrap elementor-element-populated\">\n\t\t\t\t\t\t<div class=\"elementor-element elementor-element-c135079 elementor-widget elementor-widget-text-editor\" data-id=\"c135079\" data-element_type=\"widget\" data-e-type=\"widget\" data-widget_type=\"text-editor.default\">\n\t\t\t\t<div class=\"elementor-widget-container\">\n\t\t\t\t\t\t\t\t\t<div id=\"ultimate-heading-289966c7389ee9c2c\" class=\"uvc-heading ult-adjust-bottom-margin ultimate-heading-289966c7389ee9c2c uvc-185 \" data-hspacer=\"no_spacer\" data-halign=\"left\"><h4 class=\"uvc-sub-heading ult-responsive\" data-ultimate-target=\".uvc-heading.ultimate-heading-289966c7389ee9c2c .uvc-sub-heading \" data-responsive-json-new=\"{&quot;font-size&quot;:&quot;&quot;,&quot;line-height&quot;:&quot;&quot;}\"><strong>Domptez vos \u00e9motions pour une vie plus sereine !<\/strong><\/h4><div data-ultimate-target=\".uvc-heading.ultimate-heading-289966c7389ee9c2c .uvc-sub-heading \" data-responsive-json-new=\"{&quot;font-size&quot;:&quot;&quot;,&quot;line-height&quot;:&quot;&quot;}\">\u00a0<\/div><\/div><div class=\"wpb_text_column wpb_content_element\"><div class=\"wpb_wrapper\"><p>Vous sentez que vos \u00e9motions vous parlent et vous ne comprenez pas toujours ce qu\u2019elles vous disent ? Vous estimez ne pas faire preuve suffisamment de retenue \u00e9motionnelle ou au contraire vous aimeriez verbaliser aux autres ce que vous ressentez ? Avec cet atelier, vous trouverez des clefs de compr\u00e9hension et de r\u00e9gulation et vous saurez agir de mani\u00e8re consciente.<\/p><\/div><div id=\"ultimate-heading-309666c7389ee9e2f\" class=\"uvc-heading ult-adjust-bottom-margin ultimate-heading-309666c7389ee9e2f uvc-5653 \" data-hspacer=\"no_spacer\" data-halign=\"left\"><h4 class=\"uvc-main-heading ult-responsive\" data-ultimate-target=\".uvc-heading.ultimate-heading-309666c7389ee9e2f h4\" data-responsive-json-new=\"{&quot;font-size&quot;:&quot;&quot;,&quot;line-height&quot;:&quot;&quot;}\"><strong>Quels objectifs ?<\/strong><\/h4><\/div><div class=\"wpb_text_column wpb_content_element\"><div class=\"wpb_wrapper\"><ul><li>Comprendre le concept d\u2019intelligence \u00e9motionnelle<\/li><li>Savoir reconna\u00eetre ses \u00e9motions et celles des autres<\/li><li>Savoir r\u00e9guler ses \u00e9motions<\/li><\/ul><\/div><\/div><\/div>\t\t\t\t\t\t\t\t<\/div>\n\t\t\t\t<\/div>\n\t\t\t\t\t<\/div>\n\t\t<\/div>\n\t\t\t\t\t<\/div>\n\t\t<\/section>\n\t\t\t\t<section class=\"elementor-section elementor-top-section elementor-element elementor-element-f4dea9c elementor-section-boxed elementor-section-height-default elementor-section-height-default\" data-id=\"f4dea9c\" data-element_type=\"section\" data-e-type=\"section\">\n\t\t\t\t\t\t<div class=\"elementor-container elementor-column-gap-default\">\n\t\t\t\t\t<div class=\"elementor-column elementor-col-100 elementor-top-column elementor-element elementor-element-705c877\" data-id=\"705c877\" data-element_type=\"column\" data-e-type=\"column\">\n\t\t\t<div class=\"elementor-widget-wrap elementor-element-populated\">\n\t\t\t\t\t\t<div class=\"elementor-element elementor-element-8a193b3 elementor-widget elementor-widget-text-editor\" data-id=\"8a193b3\" data-element_type=\"widget\" data-e-type=\"widget\" data-widget_type=\"text-editor.default\">\n\t\t\t\t<div class=\"elementor-widget-container\">\n\t\t\t\t\t\t\t\t\t<p>Les \u00e9motions sont un vaste domaine influen\u00e7ant nos comportements et nos relations sociales. Parfois, nous les ignorons, nous ne savons pas les reconna\u00eetre ou nous ne savons pas quoi en faire. Partons \u00e0 la d\u00e9couverte de celles-ci !<\/p><p>\u00a0<\/p><p><strong><a href=\"https:\/\/ekima.ch\/\">En savoir plus \u2192<\/a><\/strong><\/p>\t\t\t\t\t\t\t\t<\/div>\n\t\t\t\t<\/div>\n\t\t\t\t\t<\/div>\n\t\t<\/div>\n\t\t\t\t\t<\/div>\n\t\t<\/section>\n\t\t\t\t<\/div>\n\t\t","protected":false},"excerpt":{"rendered":"<p>Fribourg: Aubert Chantal<\/p>\n","protected":false},"author":569,"featured_media":6200,"comment_status":"open","ping_status":"open","sticky":false,"template":"","format":"standard","meta":{"footnotes":""},"categories":[223,215],"tags":[],"class_list":["post-9587","post","type-post","status-publish","format-standard","has-post-thumbnail","hentry","category-berne","category-therapeutes"],"publishpress_future_action":{"enabled":false,"date":"2026-05-09 13:43:58","action":"change-status","newStatus":"draft","terms":[],"taxonomy":"category","extraData":[]},"publishpress_future_workflow_manual_trigger":{"enabledWorkflows":[]},"_links":{"self":[{"href":"https:\/\/suisse-fibromyalgie.ch\/fr\/wp-json\/wp\/v2\/posts\/9587","targetHints":{"allow":["GET"]}}],"collection":[{"href":"https:\/\/suisse-fibromyalgie.ch\/fr\/wp-json\/wp\/v2\/posts"}],"about":[{"href":"https:\/\/suisse-fibromyalgie.ch\/fr\/wp-json\/wp\/v2\/types\/post"}],"author":[{"embeddable":true,"href":"https:\/\/suisse-fibromyalgie.ch\/fr\/wp-json\/wp\/v2\/users\/569"}],"replies":[{"embeddable":true,"href":"https:\/\/suisse-fibromyalgie.ch\/fr\/wp-json\/wp\/v2\/comments?post=9587"}],"version-history":[{"count":4,"href":"https:\/\/suisse-fibromyalgie.ch\/fr\/wp-json\/wp\/v2\/posts\/9587\/revisions"}],"predecessor-version":[{"id":9591,"href":"https:\/\/suisse-fibromyalgie.ch\/fr\/wp-json\/wp\/v2\/posts\/9587\/revisions\/9591"}],"wp:featuredmedia":[{"embeddable":true,"href":"https:\/\/suisse-fibromyalgie.ch\/fr\/wp-json\/wp\/v2\/media\/6200"}],"wp:attachment":[{"href":"https:\/\/suisse-fibromyalgie.ch\/fr\/wp-json\/wp\/v2\/media?parent=9587"}],"wp:term":[{"taxonomy":"category","embeddable":true,"href":"https:\/\/suisse-fibromyalgie.ch\/fr\/wp-json\/wp\/v2\/categories?post=9587"},{"taxonomy":"post_tag","embeddable":true,"href":"https:\/\/suisse-fibromyalgie.ch\/fr\/wp-json\/wp\/v2\/tags?post=9587"}],"curies":[{"name":"wp","href":"https:\/\/api.w.org\/{rel}","templated":true}]}}