{"id":9548,"date":"2026-05-01T16:23:55","date_gmt":"2026-05-01T14:23:55","guid":{"rendered":"https:\/\/suisse-fibromyalgie.ch\/?p=9548"},"modified":"2026-05-01T16:39:01","modified_gmt":"2026-05-01T14:39:01","slug":"fibromyalgie-nouvaute-2025-2026","status":"publish","type":"post","link":"https:\/\/suisse-fibromyalgie.ch\/fr\/fibromyalgie-nouvaute-2025-2026\/","title":{"rendered":"Fibromyalgie: Nouvaut\u00e9 2025\/2026"},"content":{"rendered":"\t\t<div data-elementor-type=\"wp-post\" data-elementor-id=\"9548\" class=\"elementor elementor-9548\" data-elementor-post-type=\"post\">\n\t\t\t\t\t\t<section class=\"elementor-section elementor-top-section elementor-element elementor-element-195c69e0 elementor-section-boxed elementor-section-height-default elementor-section-height-default\" data-id=\"195c69e0\" data-element_type=\"section\" data-e-type=\"section\">\n\t\t\t\t\t\t<div class=\"elementor-container elementor-column-gap-default\">\n\t\t\t\t\t<div class=\"elementor-column elementor-col-100 elementor-top-column elementor-element elementor-element-58ca4af4\" data-id=\"58ca4af4\" data-element_type=\"column\" data-e-type=\"column\">\n\t\t\t<div class=\"elementor-widget-wrap elementor-element-populated\">\n\t\t\t\t\t\t<div class=\"elementor-element elementor-element-45832339 elementor-widget elementor-widget-text-editor\" data-id=\"45832339\" data-element_type=\"widget\" data-e-type=\"widget\" data-widget_type=\"text-editor.default\">\n\t\t\t\t<div class=\"elementor-widget-container\">\n\t\t\t\t\t\t\t\t\t<p>La <span class=\"hover:entity-accent entity-underline inline cursor-pointer align-baseline\"><span class=\"whitespace-normal\">fibromyalgie<\/span><\/span> reste une pathologie complexe, longtemps mal comprise et difficile \u00e0 traiter.<br data-start=\"256\" data-end=\"259\" \/>Mais depuis 2025\u20132026, un tournant majeur est en train de s\u2019op\u00e9rer : <strong data-start=\"328\" data-end=\"419\">on passe d\u2019une m\u00e9decine symptomatique \u00e0 une m\u00e9decine cibl\u00e9e sur les m\u00e9canismes profonds<\/strong>.<\/p>\t\t\t\t\t\t\t\t<\/div>\n\t\t\t\t<\/div>\n\t\t\t\t\t<\/div>\n\t\t<\/div>\n\t\t\t\t\t<\/div>\n\t\t<\/section>\n\t\t\t\t<section class=\"elementor-section elementor-top-section elementor-element elementor-element-01b82e6 elementor-section-boxed elementor-section-height-default elementor-section-height-default\" data-id=\"01b82e6\" data-element_type=\"section\" data-e-type=\"section\">\n\t\t\t\t\t\t<div class=\"elementor-container elementor-column-gap-default\">\n\t\t\t\t\t<div class=\"elementor-column elementor-col-66 elementor-top-column elementor-element elementor-element-86027d9\" data-id=\"86027d9\" data-element_type=\"column\" data-e-type=\"column\">\n\t\t\t<div class=\"elementor-widget-wrap elementor-element-populated\">\n\t\t\t\t\t\t<div class=\"elementor-element elementor-element-ad06911 elementor-widget elementor-widget-text-editor\" data-id=\"ad06911\" data-element_type=\"widget\" data-e-type=\"widget\" data-widget_type=\"text-editor.default\">\n\t\t\t\t<div class=\"elementor-widget-container\">\n\t\t\t\t\t\t\t\t\t<h2><strong>LA NOUVEAUT\u00c9 MAJEURE : UN NOUVEAU TRAITEMENT APR\u00c8S 15 ANS<\/strong><\/h2><h3>Une avanc\u00e9e historique<\/h3><p>En 2025, un \u00e9v\u00e9nement majeur a marqu\u00e9 la prise en charge :<\/p><p>\ud83d\udc49 l\u2019arriv\u00e9e de <strong>Tonmya<\/strong><\/p><p>\u27a1\ufe0f premier nouveau m\u00e9dicament approuv\u00e9 depuis plus de 15 ans<\/p><h3>Pourquoi c\u2019est une r\u00e9volution ?<\/h3><p>Contrairement aux anciens traitements :<\/p><ul><li>Il agit <strong>sur le sommeil profond<\/strong><\/li><li>Il am\u00e9liore la r\u00e9cup\u00e9ration nocturne<\/li><li>Il diminue la douleur indirectement<\/li><\/ul><p>\ud83d\udc49 Or, le sommeil non r\u00e9parateur est aujourd\u2019hui consid\u00e9r\u00e9 comme <strong>un m\u00e9canisme central de la fibromyalgie<\/strong><\/p><h2><strong>CHANGEMENT DE PARADIGME : UNE MALADIE SYST\u00c9MIQUE<\/strong><\/h2><h3>Nouvelle vision scientifique<\/h3><p>Les recherches r\u00e9centes montrent que la fibromyalgie n\u2019est pas seulement neurologique :<\/p><p>\ud83d\udc49 elle implique :<\/p><ul><li>Le syst\u00e8me immunitaire<\/li><li>Des anomalies biologiques circulantes (IgG)<\/li><li>Une inflammation c\u00e9r\u00e9brale mesurable<\/li><\/ul><p>\ud83d\udc49 Cela ouvre la voie \u00e0 une m\u00e9decine <strong>plus cibl\u00e9e et personnalis\u00e9e<\/strong><\/p>\t\t\t\t\t\t\t\t<\/div>\n\t\t\t\t<\/div>\n\t\t\t\t\t<\/div>\n\t\t<\/div>\n\t\t\t\t<div class=\"elementor-column elementor-col-33 elementor-top-column elementor-element elementor-element-25b2330\" data-id=\"25b2330\" data-element_type=\"column\" data-e-type=\"column\">\n\t\t\t<div class=\"elementor-widget-wrap elementor-element-populated\">\n\t\t\t\t\t\t<div class=\"elementor-element elementor-element-0f21a34 elementor-widget elementor-widget-image\" data-id=\"0f21a34\" data-element_type=\"widget\" data-e-type=\"widget\" data-widget_type=\"image.default\">\n\t\t\t\t<div class=\"elementor-widget-container\">\n\t\t\t\t\t\t\t\t\t\t\t\t\t\t\t<img fetchpriority=\"high\" decoding=\"async\" width=\"683\" height=\"1024\" src=\"https:\/\/suisse-fibromyalgie.ch\/wp-content\/uploads\/Fibromyalgie-nouveaute-2026-683x1024.png\" class=\"attachment-large size-large wp-image-9555\" alt=\"\" srcset=\"https:\/\/suisse-fibromyalgie.ch\/wp-content\/uploads\/Fibromyalgie-nouveaute-2026-683x1024.png 683w, https:\/\/suisse-fibromyalgie.ch\/wp-content\/uploads\/Fibromyalgie-nouveaute-2026-200x300.png 200w, https:\/\/suisse-fibromyalgie.ch\/wp-content\/uploads\/Fibromyalgie-nouveaute-2026-768x1152.png 768w, https:\/\/suisse-fibromyalgie.ch\/wp-content\/uploads\/Fibromyalgie-nouveaute-2026-8x12.png 8w, https:\/\/suisse-fibromyalgie.ch\/wp-content\/uploads\/Fibromyalgie-nouveaute-2026.png 1024w\" sizes=\"(max-width: 683px) 100vw, 683px\" \/>\t\t\t\t\t\t\t\t\t\t\t\t\t\t\t<\/div>\n\t\t\t\t<\/div>\n\t\t\t\t\t<\/div>\n\t\t<\/div>\n\t\t\t\t\t<\/div>\n\t\t<\/section>\n\t\t\t\t<section class=\"elementor-section elementor-top-section elementor-element elementor-element-2a75c39 elementor-section-boxed elementor-section-height-default elementor-section-height-default\" data-id=\"2a75c39\" data-element_type=\"section\" data-e-type=\"section\">\n\t\t\t\t\t\t<div class=\"elementor-container elementor-column-gap-default\">\n\t\t\t\t\t<div class=\"elementor-column elementor-col-100 elementor-top-column elementor-element elementor-element-076d81b\" data-id=\"076d81b\" data-element_type=\"column\" data-e-type=\"column\">\n\t\t\t<div class=\"elementor-widget-wrap elementor-element-populated\">\n\t\t\t\t\t\t<div class=\"elementor-element elementor-element-afbf64f elementor-widget elementor-widget-text-editor\" data-id=\"afbf64f\" data-element_type=\"widget\" data-e-type=\"widget\" data-widget_type=\"text-editor.default\">\n\t\t\t\t<div class=\"elementor-widget-container\">\n\t\t\t\t\t\t\t\t\t<h2><strong>LES AUTRES INNOVATIONS MAJEURES (2025\u20132026)<\/strong><\/h2><h3>Neuromodulation<\/h3><ul><li>Stimulation magn\u00e9tique transcr\u00e2nienne<\/li><li>Modulation du syst\u00e8me nerveux central<br \/>\ud83d\udc49 r\u00e9duction de la douleur jusqu\u2019\u00e0 30\u201345 % dans certaines \u00e9tudes<\/li><\/ul><h3>Approche immunitaire<\/h3><ul><li>Hypoth\u00e8se auto-immune \u00e9mergente<\/li><li>R\u00f4le des anticorps dans la douleur<\/li><\/ul><p>\ud83d\udc49 potentiellement une r\u00e9volution diagnostique et th\u00e9rapeutique<\/p><h3>M\u00e9decine m\u00e9tabolique et int\u00e9grative<\/h3><ul><li>Microbiote intestinal impliqu\u00e9<\/li><li>R\u00f4le du stress oxydatif<\/li><li>Dysfonction mitochondriale<\/li><\/ul><p>\ud83d\udc49 on ne traite plus seulement la douleur\u2026<br \/>\ud83d\udc49 on traite le <strong>terrain<\/strong><\/p><h3>ET LA PHOTOBIOMODULATION DANS TOUT \u00c7A ?<\/h3><p>La photobiomodulation s\u2019inscrit parfaitement dans cette nouvelle logique :<\/p><p>\ud83d\udc49 elle agit directement sur :<\/p><ul><li>Mitochondries<\/li><li>Inflammation<\/li><li>Douleur<\/li><\/ul><p>\ud83d\udc49 sans m\u00e9dicament<br \/>\ud83d\udc49 sans effet secondaire majeur<\/p><p>\u27a1\ufe0f Elle devient une <strong>th\u00e9rapie compl\u00e9mentaire cl\u00e9 dans les approches modernes<\/strong><\/p><h2><strong>CE QU<\/strong><strong>\u2019<\/strong><strong>IL FAUT RETENIR EN 2026<\/strong><\/h2><p>\ud83d\udc49 Il n\u2019existe toujours pas de \u201ctraitement miracle unique\u201d<\/p><p>Mais une \u00e9volution majeure est claire :<\/p><h3>ON PASSE \u00c0 UNE APPROCHE MULTIMODALE<\/h3><p>\u2714 m\u00e9dicaments cibl\u00e9s (comme Tonmya)<br \/>\u2714 neuromodulation<br \/>\u2714 th\u00e9rapies cellulaires<br \/>\u2714 nutrition et m\u00e9tabolisme<br \/>\u2714 approches non invasives (PBM, activit\u00e9 physique, sommeil)<\/p><h2><strong>CONCLUSION<\/strong><\/h2><p>La vraie r\u00e9volution en 2026 n\u2019est pas un seul traitement\u2026<\/p><p>\ud83d\udc49 c\u2019est un changement complet de vision :<\/p><h3>\u27a1\ufe0f La fibromyalgie n\u2019est plus une fatalit\u00e9 floue<\/h3><h4><strong>Elle devient une maladie compr\u00e9hensible, mesurable et modulable<\/strong><\/h4><p>Et cela ouvre enfin la voie \u00e0 :<\/p><p>\u2714 des traitements plus efficaces<br \/>\u2714 des prises en charge personnalis\u00e9es<br \/>\u2714 une am\u00e9lioration r\u00e9elle de la qualit\u00e9 de vie<\/p>\t\t\t\t\t\t\t\t<\/div>\n\t\t\t\t<\/div>\n\t\t\t\t\t<\/div>\n\t\t<\/div>\n\t\t\t\t\t<\/div>\n\t\t<\/section>\n\t\t\t\t<\/div>\n\t\t","protected":false},"excerpt":{"rendered":"<p>La fibromyalgie reste une pathologie complexe, longtemps mal comprise et difficile \u00e0 traiter.Mais depuis 2025\u20132026, un tournant majeur est en train de s\u2019op\u00e9rer : on passe d\u2019une m\u00e9decine symptomatique \u00e0 [&hellip;]<\/p>\n","protected":false},"author":569,"featured_media":9554,"comment_status":"open","ping_status":"open","sticky":false,"template":"","format":"standard","meta":{"footnotes":""},"categories":[219],"tags":[],"class_list":["post-9548","post","type-post","status-publish","format-standard","has-post-thumbnail","hentry","category-informations-medicales"],"publishpress_future_action":{"enabled":false,"date":"2026-05-09 11:31:18","action":"change-status","newStatus":"draft","terms":[],"taxonomy":"category","extraData":[]},"publishpress_future_workflow_manual_trigger":{"enabledWorkflows":[]},"_links":{"self":[{"href":"https:\/\/suisse-fibromyalgie.ch\/fr\/wp-json\/wp\/v2\/posts\/9548","targetHints":{"allow":["GET"]}}],"collection":[{"href":"https:\/\/suisse-fibromyalgie.ch\/fr\/wp-json\/wp\/v2\/posts"}],"about":[{"href":"https:\/\/suisse-fibromyalgie.ch\/fr\/wp-json\/wp\/v2\/types\/post"}],"author":[{"embeddable":true,"href":"https:\/\/suisse-fibromyalgie.ch\/fr\/wp-json\/wp\/v2\/users\/569"}],"replies":[{"embeddable":true,"href":"https:\/\/suisse-fibromyalgie.ch\/fr\/wp-json\/wp\/v2\/comments?post=9548"}],"version-history":[{"count":10,"href":"https:\/\/suisse-fibromyalgie.ch\/fr\/wp-json\/wp\/v2\/posts\/9548\/revisions"}],"predecessor-version":[{"id":9562,"href":"https:\/\/suisse-fibromyalgie.ch\/fr\/wp-json\/wp\/v2\/posts\/9548\/revisions\/9562"}],"wp:featuredmedia":[{"embeddable":true,"href":"https:\/\/suisse-fibromyalgie.ch\/fr\/wp-json\/wp\/v2\/media\/9554"}],"wp:attachment":[{"href":"https:\/\/suisse-fibromyalgie.ch\/fr\/wp-json\/wp\/v2\/media?parent=9548"}],"wp:term":[{"taxonomy":"category","embeddable":true,"href":"https:\/\/suisse-fibromyalgie.ch\/fr\/wp-json\/wp\/v2\/categories?post=9548"},{"taxonomy":"post_tag","embeddable":true,"href":"https:\/\/suisse-fibromyalgie.ch\/fr\/wp-json\/wp\/v2\/tags?post=9548"}],"curies":[{"name":"wp","href":"https:\/\/api.w.org\/{rel}","templated":true}]}}