{"id":5710,"date":"2024-06-28T21:11:34","date_gmt":"2024-06-28T19:11:34","guid":{"rendered":"https:\/\/suisse-fibromyalgie.ch\/?p=5710"},"modified":"2025-01-11T13:46:44","modified_gmt":"2025-01-11T12:46:44","slug":"aldi-suisse-soutient-lasfm","status":"publish","type":"post","link":"https:\/\/suisse-fibromyalgie.ch\/fr\/aldi-suisse-soutient-lasfm\/","title":{"rendered":"ALDI Suisse soutient l&rsquo;ASFM"},"content":{"rendered":"\t\t<div data-elementor-type=\"wp-post\" data-elementor-id=\"5710\" class=\"elementor elementor-5710\" data-elementor-post-type=\"post\">\n\t\t\t\t\t\t<section class=\"elementor-section elementor-top-section elementor-element elementor-element-b01e293 elementor-section-boxed elementor-section-height-default elementor-section-height-default\" data-id=\"b01e293\" data-element_type=\"section\" data-e-type=\"section\">\n\t\t\t\t\t\t<div class=\"elementor-container elementor-column-gap-default\">\n\t\t\t\t\t<div class=\"elementor-column elementor-col-100 elementor-top-column elementor-element elementor-element-e4aa511\" data-id=\"e4aa511\" data-element_type=\"column\" data-e-type=\"column\">\n\t\t\t<div class=\"elementor-widget-wrap elementor-element-populated\">\n\t\t\t\t\t\t<div class=\"elementor-element elementor-element-35cb1b6 elementor-widget elementor-widget-text-editor\" data-id=\"35cb1b6\" data-element_type=\"widget\" data-e-type=\"widget\" data-widget_type=\"text-editor.default\">\n\t\t\t\t<div class=\"elementor-widget-container\">\n\t\t\t\t\t\t\t\t\t<h2 style=\"text-align: center;\">Le samedi 05 octobre 2024, L&rsquo;ASFM vas tenir un stand de petite restauration devant la filiale ALDI d&rsquo;Orbe<\/h2><p>\u00a0<\/p><h4><img fetchpriority=\"high\" decoding=\"async\" class=\"wp-image-5711 size-large aligncenter\" src=\"https:\/\/suisse-fibromyalgie.ch\/wp-content\/uploads\/Annonce-ALDI-791x1024.jpg\" alt=\"\" width=\"791\" height=\"1024\" \/><\/h4><h5>\u00a0<\/h5><h5 style=\"text-align: center;\"><span style=\"color: #ff0000;\"><strong>Pour cette occasion, nous recherchons des b\u00e9n\u00e9voles pour donner un coup de main durant la journ\u00e9e.<\/strong><\/span><\/h5><p style=\"text-align: center;\"><strong>Les personnes int\u00e9ress\u00e9es sont pri\u00e9es de s\u2019annoncer aupr\u00e8s de Philippe Sch\u00fcpbach (Pr\u00e9sident) au 076\u00a0322 33 16 (d\u00e8s le 08.07.2024) <\/strong><\/p><p style=\"text-align: center;\"><strong>ou par courriel\u00a0: philippe.schupbach@suisse-fibromyalgie.ch<\/strong><\/p><p>\u00a0<\/p>\t\t\t\t\t\t\t\t<\/div>\n\t\t\t\t<\/div>\n\t\t\t\t\t<\/div>\n\t\t<\/div>\n\t\t\t\t\t<\/div>\n\t\t<\/section>\n\t\t\t\t<\/div>\n\t\t","protected":false},"excerpt":{"rendered":"<p>Le samedi 05 octobre 2024, L&rsquo;ASFM vas tenir un stand de petite restauration devant la filiale ALDI d&rsquo;Orbe \u00a0 \u00a0 Pour cette occasion, nous recherchons des b\u00e9n\u00e9voles pour donner un [&hellip;]<\/p>\n","protected":false},"author":1,"featured_media":7431,"comment_status":"open","ping_status":"open","sticky":false,"template":"","format":"standard","meta":{"footnotes":""},"categories":[220],"tags":[],"class_list":["post-5710","post","type-post","status-publish","format-standard","has-post-thumbnail","hentry","category-informations"],"publishpress_future_action":{"enabled":false,"date":"2026-05-04 11:43:11","action":"change-status","newStatus":"draft","terms":[],"taxonomy":"category","extraData":[]},"publishpress_future_workflow_manual_trigger":{"enabledWorkflows":[]},"_links":{"self":[{"href":"https:\/\/suisse-fibromyalgie.ch\/fr\/wp-json\/wp\/v2\/posts\/5710","targetHints":{"allow":["GET"]}}],"collection":[{"href":"https:\/\/suisse-fibromyalgie.ch\/fr\/wp-json\/wp\/v2\/posts"}],"about":[{"href":"https:\/\/suisse-fibromyalgie.ch\/fr\/wp-json\/wp\/v2\/types\/post"}],"author":[{"embeddable":true,"href":"https:\/\/suisse-fibromyalgie.ch\/fr\/wp-json\/wp\/v2\/users\/1"}],"replies":[{"embeddable":true,"href":"https:\/\/suisse-fibromyalgie.ch\/fr\/wp-json\/wp\/v2\/comments?post=5710"}],"version-history":[{"count":1,"href":"https:\/\/suisse-fibromyalgie.ch\/fr\/wp-json\/wp\/v2\/posts\/5710\/revisions"}],"predecessor-version":[{"id":7427,"href":"https:\/\/suisse-fibromyalgie.ch\/fr\/wp-json\/wp\/v2\/posts\/5710\/revisions\/7427"}],"wp:featuredmedia":[{"embeddable":true,"href":"https:\/\/suisse-fibromyalgie.ch\/fr\/wp-json\/wp\/v2\/media\/7431"}],"wp:attachment":[{"href":"https:\/\/suisse-fibromyalgie.ch\/fr\/wp-json\/wp\/v2\/media?parent=5710"}],"wp:term":[{"taxonomy":"category","embeddable":true,"href":"https:\/\/suisse-fibromyalgie.ch\/fr\/wp-json\/wp\/v2\/categories?post=5710"},{"taxonomy":"post_tag","embeddable":true,"href":"https:\/\/suisse-fibromyalgie.ch\/fr\/wp-json\/wp\/v2\/tags?post=5710"}],"curies":[{"name":"wp","href":"https:\/\/api.w.org\/{rel}","templated":true}]}}