{"id":561,"date":"2017-10-19T00:00:00","date_gmt":"2017-10-18T22:00:00","guid":{"rendered":"http:\/\/wordpress\/2017\/10\/19\/l-osteoporose\/"},"modified":"2025-01-12T09:45:23","modified_gmt":"2025-01-12T08:45:23","slug":"l-osteoporose","status":"publish","type":"post","link":"https:\/\/suisse-fibromyalgie.ch\/fr\/l-osteoporose\/","title":{"rendered":"L&rsquo;Ost\u00e9oporose"},"content":{"rendered":"\t\t<div data-elementor-type=\"wp-post\" data-elementor-id=\"561\" class=\"elementor elementor-561\" data-elementor-post-type=\"post\">\n\t\t\t\t\t\t<section class=\"elementor-section elementor-top-section elementor-element elementor-element-79783a74 elementor-section-boxed elementor-section-height-default elementor-section-height-default\" data-id=\"79783a74\" data-element_type=\"section\" data-e-type=\"section\">\n\t\t\t\t\t\t<div class=\"elementor-container elementor-column-gap-default\">\n\t\t\t\t\t<div class=\"elementor-column elementor-col-100 elementor-top-column elementor-element elementor-element-339bf77d\" data-id=\"339bf77d\" data-element_type=\"column\" data-e-type=\"column\">\n\t\t\t<div class=\"elementor-widget-wrap elementor-element-populated\">\n\t\t\t\t\t\t<div class=\"elementor-element elementor-element-60ce8ffc elementor-widget elementor-widget-text-editor\" data-id=\"60ce8ffc\" data-element_type=\"widget\" data-e-type=\"widget\" data-widget_type=\"text-editor.default\">\n\t\t\t\t<div class=\"elementor-widget-container\">\n\t\t\t\t\t\t\t\t\t<div class=\"lead\"><h4>L&rsquo;Ost\u00e9oporose, \u00e9galement appel\u00e9e \u00ab\u00a0perte osseuse\u00a0\u00bb ou encore \u00ab\u00a0maladie des os fragiles\u00a0\u00bb, est en augmentation dans le monde entier.<\/h4><p>\u00a0<\/p><p>Il est fr\u00e9quent qu&rsquo;une ost\u00e9oporose ne soit identifi\u00e9e que lorsque survient une fractures. Aujourd&rsquo;hui, pourtant, la maladie peut \u00eatre diagnostiqu\u00e9e et trait\u00e9e d\u00e8s ses d\u00e9buts. Et surtout, on peut la pr\u00e9venir, le plus t\u00f4t sera le mieux. Tous les points importants sont abord\u00e9s dans la brochure de la Ligues suisse contre le rhumatisme.<\/p><p>\u00a0<\/p><p>Cliquez sur le lien ci-dessous pour feuillet\u00e9 le prospectus sur l&rsquo;ost\u00e9oporose<\/p><p><a href=\"https:\/\/issuu.com\/rheumaligaschweiz\/docs\/ost__oporose_f_305_layout_low_17072\" target=\"_blank\" rel=\"noopener\">Lien pour feuillet\u00e9 le prospectus ost\u00e9oporose<\/a><\/p><\/div><p>\u00a0<\/p><p>Cliquez sur le lien ci-dessous pour savoir si vous consommez suffisamment de calcium.<\/p><div class=\"lead\"><p><a href=\"https:\/\/www.ligues-rhumatisme.ch\/calculateur-de-calcium\" target=\"_blank\" rel=\"noopener\">https:\/\/www.ligues-rhumatisme.ch\/calculateur-de-calcium<\/a><\/p><\/div><div>\u00a0<\/div><p>\u00a0<\/p><p>\u00a0<\/p><p>\u00a0<\/p><div>\u00a0<\/div>\t\t\t\t\t\t\t\t<\/div>\n\t\t\t\t<\/div>\n\t\t\t\t\t<\/div>\n\t\t<\/div>\n\t\t\t\t\t<\/div>\n\t\t<\/section>\n\t\t\t\t<\/div>\n\t\t","protected":false},"excerpt":{"rendered":"<p>L&rsquo;Ost\u00e9oporose, \u00e9galement appel\u00e9e \u00ab\u00a0perte osseuse\u00a0\u00bb ou encore \u00ab\u00a0maladie des os fragiles\u00a0\u00bb, est en augmentation dans le monde entier. \u00a0 Il est fr\u00e9quent qu&rsquo;une ost\u00e9oporose ne soit identifi\u00e9e que lorsque survient [&hellip;]<\/p>\n","protected":false},"author":1,"featured_media":560,"comment_status":"open","ping_status":"open","sticky":false,"template":"","format":"standard","meta":{"footnotes":""},"categories":[219],"tags":[],"class_list":["post-561","post","type-post","status-publish","format-standard","has-post-thumbnail","hentry","category-informations-medicales"],"publishpress_future_action":{"enabled":false,"date":"2026-05-04 10:27:39","action":"change-status","newStatus":"draft","terms":[],"taxonomy":"category","extraData":[]},"publishpress_future_workflow_manual_trigger":{"enabledWorkflows":[]},"_links":{"self":[{"href":"https:\/\/suisse-fibromyalgie.ch\/fr\/wp-json\/wp\/v2\/posts\/561","targetHints":{"allow":["GET"]}}],"collection":[{"href":"https:\/\/suisse-fibromyalgie.ch\/fr\/wp-json\/wp\/v2\/posts"}],"about":[{"href":"https:\/\/suisse-fibromyalgie.ch\/fr\/wp-json\/wp\/v2\/types\/post"}],"author":[{"embeddable":true,"href":"https:\/\/suisse-fibromyalgie.ch\/fr\/wp-json\/wp\/v2\/users\/1"}],"replies":[{"embeddable":true,"href":"https:\/\/suisse-fibromyalgie.ch\/fr\/wp-json\/wp\/v2\/comments?post=561"}],"version-history":[{"count":1,"href":"https:\/\/suisse-fibromyalgie.ch\/fr\/wp-json\/wp\/v2\/posts\/561\/revisions"}],"predecessor-version":[{"id":7618,"href":"https:\/\/suisse-fibromyalgie.ch\/fr\/wp-json\/wp\/v2\/posts\/561\/revisions\/7618"}],"wp:featuredmedia":[{"embeddable":true,"href":"https:\/\/suisse-fibromyalgie.ch\/fr\/wp-json\/"}],"wp:attachment":[{"href":"https:\/\/suisse-fibromyalgie.ch\/fr\/wp-json\/wp\/v2\/media?parent=561"}],"wp:term":[{"taxonomy":"category","embeddable":true,"href":"https:\/\/suisse-fibromyalgie.ch\/fr\/wp-json\/wp\/v2\/categories?post=561"},{"taxonomy":"post_tag","embeddable":true,"href":"https:\/\/suisse-fibromyalgie.ch\/fr\/wp-json\/wp\/v2\/tags?post=561"}],"curies":[{"name":"wp","href":"https:\/\/api.w.org\/{rel}","templated":true}]}}