{"id":9671,"date":"2026-05-01T23:37:07","date_gmt":"2026-05-01T21:37:07","guid":{"rendered":"https:\/\/suisse-fibromyalgie.ch\/?p=9671"},"modified":"2026-05-01T23:41:15","modified_gmt":"2026-05-01T21:41:15","slug":"casanova-andre","status":"publish","type":"post","link":"https:\/\/suisse-fibromyalgie.ch\/de\/casanova-andre\/","title":{"rendered":"Casanova Andr\u00e9"},"content":{"rendered":"<div data-elementor-type=\"wp-post\" data-elementor-id=\"9671\" class=\"elementor elementor-9671\" data-elementor-post-type=\"post\">\n\t\t\t\t\t\t<section class=\"elementor-section elementor-top-section elementor-element elementor-element-779bc32 elementor-section-boxed elementor-section-height-default elementor-section-height-default\" data-id=\"779bc32\" data-element_type=\"section\" data-e-type=\"section\">\n\t\t\t\t\t\t<div class=\"elementor-container elementor-column-gap-default\">\n\t\t\t\t\t<div class=\"elementor-column elementor-col-33 elementor-top-column elementor-element elementor-element-91a92dd\" data-id=\"91a92dd\" data-element_type=\"column\" data-e-type=\"column\">\n\t\t\t<div class=\"elementor-widget-wrap elementor-element-populated\">\n\t\t\t\t\t\t<div class=\"elementor-element elementor-element-f8486db elementor-widget elementor-widget-image\" data-id=\"f8486db\" data-element_type=\"widget\" data-e-type=\"widget\" data-widget_type=\"image.default\">\n\t\t\t\t<div class=\"elementor-widget-container\">\n\t\t\t\t\t\t\t\t\t\t\t\t\t\t\t<img fetchpriority=\"high\" decoding=\"async\" width=\"800\" height=\"289\" src=\"https:\/\/suisse-fibromyalgie.ch\/wp-content\/uploads\/Photo-Andre-Casanova-1024x370.jpg\" class=\"attachment-large size-large wp-image-4672\" alt=\"\" srcset=\"https:\/\/suisse-fibromyalgie.ch\/wp-content\/uploads\/Photo-Andre-Casanova-1024x370.jpg 1024w, https:\/\/suisse-fibromyalgie.ch\/wp-content\/uploads\/Photo-Andre-Casanova-300x108.jpg 300w, https:\/\/suisse-fibromyalgie.ch\/wp-content\/uploads\/Photo-Andre-Casanova-768x278.jpg 768w, https:\/\/suisse-fibromyalgie.ch\/wp-content\/uploads\/Photo-Andre-Casanova-18x7.jpg 18w, https:\/\/suisse-fibromyalgie.ch\/wp-content\/uploads\/Photo-Andre-Casanova.jpg 1223w\" sizes=\"(max-width: 800px) 100vw, 800px\" \/>\t\t\t\t\t\t\t\t\t\t\t\t\t\t\t<\/div>\n\t\t\t\t<\/div>\n\t\t\t\t\t<\/div>\n\t\t<\/div>\n\t\t\t\t<div class=\"elementor-column elementor-col-66 elementor-top-column elementor-element elementor-element-462b087\" data-id=\"462b087\" data-element_type=\"column\" data-e-type=\"column\">\n\t\t\t<div class=\"elementor-widget-wrap elementor-element-populated\">\n\t\t\t\t\t\t<div class=\"elementor-element elementor-element-d837556 elementor-widget elementor-widget-text-editor\" data-id=\"d837556\" data-element_type=\"widget\" data-e-type=\"widget\" data-widget_type=\"text-editor.default\">\n\t\t\t\t<div class=\"elementor-widget-container\">\n\t\t\t\t\t\t\t\t\t<p class=\"font_8 wixui-rich-text__text\">Medizinisch ausgebildeter Therapeut, der sich auf psychisch-emotionale Gesundheit spezialisiert hat. Er verf\u00fcgt bereits \u00fcber mehrj\u00e4hrige Erfahrung. Der atypische, witzige und schlagfertige Andr\u00e9 Casanova begleitet Personen und Unternehmen aus allen Bereichen.<\/p><p class=\"font_8 wixui-rich-text__text\">Urspr\u00fcnglich im medizinischen Bereich ausgebildet, ist er mit einer au\u00dfergew\u00f6hnlichen Sensibilit\u00e4t ausgestattet. Er wechselt st\u00e4ndig zwischen den Rollen eines Mentors, eines Lebenscoaches und vielem mehr.<\/p><p class=\"font_8 wixui-rich-text__text\">Hellsichtigkeit, Intuition sowie eine herausragende Kommunikationsf\u00e4higkeit sind ihre F\u00fchrungsinstrumente.<\/p><p class=\"font_8 wixui-rich-text__text\">Relevante Fragen, einige davon pr\u00e4gnant, ein einzigartiges Zuh\u00f6ren und ein einzigartiger Humor verleihen den Sitzungen einen einzigartigen Charakter.<\/p><p class=\"font_8 wixui-rich-text__text\">Die biologische Dekodierung ist wahrscheinlich mein wichtigstes Werkzeug. Sie besteht darin, die Ursache von k\u00f6rperlichen Problemen zu verstehen, die psycho-emotionalen Ursprungs sind.\u00a0<\/p><p><a href=\"https:\/\/www.casanovaandre.com\/\"><strong>Mehr erfahren \u2192.<\/strong><\/a><\/p>\t\t\t\t\t\t\t\t<\/div>\n\t\t\t\t<\/div>\n\t\t\t\t\t<\/div>\n\t\t<\/div>\n\t\t\t\t\t<\/div>\n\t\t<\/section>\n\t\t\t\t<\/div>","protected":false},"excerpt":{"rendered":"<p>Freiburg: Aubert Chantal<\/p>","protected":false},"author":569,"featured_media":4672,"comment_status":"open","ping_status":"open","sticky":false,"template":"","format":"standard","meta":{"footnotes":""},"categories":[215,227],"tags":[],"class_list":["post-9671","post","type-post","status-publish","format-standard","has-post-thumbnail","hentry","category-therapeutes","category-valais"],"publishpress_future_action":{"enabled":false,"date":"2026-05-09 07:26:33","action":"change-status","newStatus":"draft","terms":[],"taxonomy":"category","extraData":[]},"publishpress_future_workflow_manual_trigger":{"enabledWorkflows":[]},"_links":{"self":[{"href":"https:\/\/suisse-fibromyalgie.ch\/de\/wp-json\/wp\/v2\/posts\/9671","targetHints":{"allow":["GET"]}}],"collection":[{"href":"https:\/\/suisse-fibromyalgie.ch\/de\/wp-json\/wp\/v2\/posts"}],"about":[{"href":"https:\/\/suisse-fibromyalgie.ch\/de\/wp-json\/wp\/v2\/types\/post"}],"author":[{"embeddable":true,"href":"https:\/\/suisse-fibromyalgie.ch\/de\/wp-json\/wp\/v2\/users\/569"}],"replies":[{"embeddable":true,"href":"https:\/\/suisse-fibromyalgie.ch\/de\/wp-json\/wp\/v2\/comments?post=9671"}],"version-history":[{"count":4,"href":"https:\/\/suisse-fibromyalgie.ch\/de\/wp-json\/wp\/v2\/posts\/9671\/revisions"}],"predecessor-version":[{"id":9675,"href":"https:\/\/suisse-fibromyalgie.ch\/de\/wp-json\/wp\/v2\/posts\/9671\/revisions\/9675"}],"wp:featuredmedia":[{"embeddable":true,"href":"https:\/\/suisse-fibromyalgie.ch\/de\/wp-json\/wp\/v2\/media\/4672"}],"wp:attachment":[{"href":"https:\/\/suisse-fibromyalgie.ch\/de\/wp-json\/wp\/v2\/media?parent=9671"}],"wp:term":[{"taxonomy":"category","embeddable":true,"href":"https:\/\/suisse-fibromyalgie.ch\/de\/wp-json\/wp\/v2\/categories?post=9671"},{"taxonomy":"post_tag","embeddable":true,"href":"https:\/\/suisse-fibromyalgie.ch\/de\/wp-json\/wp\/v2\/tags?post=9671"}],"curies":[{"name":"wp","href":"https:\/\/api.w.org\/{rel}","templated":true}]}}