{"id":9666,"date":"2026-05-01T23:33:55","date_gmt":"2026-05-01T21:33:55","guid":{"rendered":"https:\/\/suisse-fibromyalgie.ch\/?p=9666"},"modified":"2026-05-01T23:35:34","modified_gmt":"2026-05-01T21:35:34","slug":"avogadro-audrey","status":"publish","type":"post","link":"https:\/\/suisse-fibromyalgie.ch\/de\/avogadro-audrey\/","title":{"rendered":"Avogadro Audrey\u00a0"},"content":{"rendered":"<div data-elementor-type=\"wp-post\" data-elementor-id=\"9666\" class=\"elementor elementor-9666\" data-elementor-post-type=\"post\">\n\t\t\t\t\t\t<section class=\"elementor-section elementor-top-section elementor-element elementor-element-8565c3d elementor-section-boxed elementor-section-height-default elementor-section-height-default\" data-id=\"8565c3d\" data-element_type=\"section\" data-e-type=\"section\">\n\t\t\t\t\t\t<div class=\"elementor-container elementor-column-gap-default\">\n\t\t\t\t\t<div class=\"elementor-column elementor-col-33 elementor-top-column elementor-element elementor-element-b01192d\" data-id=\"b01192d\" data-element_type=\"column\" data-e-type=\"column\">\n\t\t\t<div class=\"elementor-widget-wrap elementor-element-populated\">\n\t\t\t\t\t\t<div class=\"elementor-element elementor-element-f924ef3 elementor-widget elementor-widget-image\" data-id=\"f924ef3\" data-element_type=\"widget\" data-e-type=\"widget\" data-widget_type=\"image.default\">\n\t\t\t\t<div class=\"elementor-widget-container\">\n\t\t\t\t\t\t\t\t\t\t\t\t\t\t\t<img fetchpriority=\"high\" decoding=\"async\" width=\"204\" height=\"343\" src=\"https:\/\/suisse-fibromyalgie.ch\/wp-content\/uploads\/Avogadro-Audrey.jpg\" class=\"attachment-large size-large wp-image-5872\" alt=\"\" srcset=\"https:\/\/suisse-fibromyalgie.ch\/wp-content\/uploads\/Avogadro-Audrey.jpg 204w, https:\/\/suisse-fibromyalgie.ch\/wp-content\/uploads\/Avogadro-Audrey-178x300.jpg 178w, https:\/\/suisse-fibromyalgie.ch\/wp-content\/uploads\/Avogadro-Audrey-7x12.jpg 7w\" sizes=\"(max-width: 204px) 100vw, 204px\" \/>\t\t\t\t\t\t\t\t\t\t\t\t\t\t\t<\/div>\n\t\t\t\t<\/div>\n\t\t\t\t\t<\/div>\n\t\t<\/div>\n\t\t\t\t<div class=\"elementor-column elementor-col-66 elementor-top-column elementor-element elementor-element-d948d47\" data-id=\"d948d47\" data-element_type=\"column\" data-e-type=\"column\">\n\t\t\t<div class=\"elementor-widget-wrap elementor-element-populated\">\n\t\t\t\t\t\t<div class=\"elementor-element elementor-element-f89410e elementor-widget elementor-widget-text-editor\" data-id=\"f89410e\" data-element_type=\"widget\" data-e-type=\"widget\" data-widget_type=\"text-editor.default\">\n\t\t\t\t<div class=\"elementor-widget-container\">\n\t\t\t\t\t\t\t\t\t<p class=\"font_9 wixui-rich-text__text\"><span class=\"wixui-rich-text__text\"><span class=\"color_15 wixui-rich-text__text\">Ich hei\u00dfe Audrey,<\/span><\/span><\/p><p class=\"font_9 wixui-rich-text__text\"><span class=\"wixui-rich-text__text\"><span class=\"color_15 wixui-rich-text__text\">Von Beruf Lehrerin und Absolventin eines Masterstudiengangs in Entwicklungspsychologie,<\/span><\/span><span class=\"color_15 wixui-rich-text__text\">\u00a0ich nehme seit mehreren Jahren in meiner Freizeit an verschiedenen Ausbildungen teil, die es mir erm\u00f6glicht haben, meine pers\u00f6nliche Entwicklung zu vertiefen, aber auch den Menschen, die darum bitten, aufmerksam zuzuh\u00f6ren, sie zu unterst\u00fctzen und zu heilen.\u00a0<\/span><\/p><p class=\"font_9 wixui-rich-text__text\"><span class=\"wixui-rich-text__text\"><span class=\"color_15 wixui-rich-text__text\">Ich habe Reiki f\u00fcr mich entdeckt und 2014 meinen ersten Grad abgelegt. Da ich von diesem Lernen und der pers\u00f6nlichen Arbeit, die es mir erm\u00f6glicht hat, begeistert war, habe ich bis zum Meistergrad weitergemacht.<\/span><\/span><\/p><p class=\"font_9 wixui-rich-text__text\"><span class=\"color_15 wixui-rich-text__text\">Ich habe daher seit 2018 meine Diplome als Reiki-Meisterausbilderin. Parallel dazu hatte ich die Gelegenheit, mich in verschiedenen spirituellen Bereichen weiterzubilden (Laochi, Schamanismus, Radi\u00e4sthesie, fr\u00fchere Leben, Farbtherapien).<\/span><\/p><p class=\"font_9 wixui-rich-text__text\"><span class=\"color_15 wixui-rich-text__text\"><span class=\"wixui-rich-text__text\">Die Ausbildung in Chromotherapie (oder Farbtherapie) hat mir die Validierung und Anerkennung der\u00a0<a class=\"wixui-rich-text__text\" href=\"https:\/\/www.graine-de-conscience.com\/blank-4\" target=\"_self\" data-anchor=\"dataItem-lna6pgda\">von ASCA anerkannten Zusatzausbildungen,<\/a>\u00a0sigle 275.\u00a0<\/span><\/span><\/p><p class=\"font_9 wixui-rich-text__text\"><span class=\"color_15 wixui-rich-text__text\"><span class=\"wixui-rich-text__text\">(EMR bis Ende des Jahres).<\/span><\/span><\/p><p class=\"font_9 wixui-rich-text__text\"><span class=\"wixui-rich-text__text\"><span class=\"color_15 wixui-rich-text__text\">\u00a0W\u00e4hrend der Sitzungen verpflichte ich mich, meinen Klienten zu helfen und sie bei ihren k\u00f6rperlichen, emotionalen und spirituellen \u00dcberg\u00e4ngen auf m\u00f6glichst professionelle und wohlwollende Weise zu begleiten. Die Behandlungen<\/span><\/span><span class=\"wixui-rich-text__text\"><span class=\"color_15 wixui-rich-text__text\">\u00a0werden speziell auf die Bed\u00fcrfnisse jedes Einzelnen zugeschnitten, um den f\u00fcr ihn am besten geeigneten Ansatz zu nutzen.<\/span><\/span><\/p><p class=\"font_9 wixui-rich-text__text\"><span class=\"wixui-rich-text__text\"><span class=\"color_15 wixui-rich-text__text\">Z\u00f6gern Sie nicht, mich zu kontaktieren, um <strong><a href=\"https:\/\/www.graine-de-conscience.com\/\">mehr erfahren\u00a0<\/a><\/strong><\/span><\/span><\/p>\t\t\t\t\t\t\t\t<\/div>\n\t\t\t\t<\/div>\n\t\t\t\t\t<\/div>\n\t\t<\/div>\n\t\t\t\t\t<\/div>\n\t\t<\/section>\n\t\t\t\t<\/div>","protected":false},"excerpt":{"rendered":"<p>Freiburg: Aubert Chantal<\/p>","protected":false},"author":569,"featured_media":5872,"comment_status":"open","ping_status":"open","sticky":false,"template":"","format":"standard","meta":{"footnotes":""},"categories":[215,227],"tags":[],"class_list":["post-9666","post","type-post","status-publish","format-standard","has-post-thumbnail","hentry","category-therapeutes","category-valais"],"publishpress_future_action":{"enabled":false,"date":"2026-05-09 10:42:05","action":"change-status","newStatus":"draft","terms":[],"taxonomy":"category","extraData":[]},"publishpress_future_workflow_manual_trigger":{"enabledWorkflows":[]},"_links":{"self":[{"href":"https:\/\/suisse-fibromyalgie.ch\/de\/wp-json\/wp\/v2\/posts\/9666","targetHints":{"allow":["GET"]}}],"collection":[{"href":"https:\/\/suisse-fibromyalgie.ch\/de\/wp-json\/wp\/v2\/posts"}],"about":[{"href":"https:\/\/suisse-fibromyalgie.ch\/de\/wp-json\/wp\/v2\/types\/post"}],"author":[{"embeddable":true,"href":"https:\/\/suisse-fibromyalgie.ch\/de\/wp-json\/wp\/v2\/users\/569"}],"replies":[{"embeddable":true,"href":"https:\/\/suisse-fibromyalgie.ch\/de\/wp-json\/wp\/v2\/comments?post=9666"}],"version-history":[{"count":4,"href":"https:\/\/suisse-fibromyalgie.ch\/de\/wp-json\/wp\/v2\/posts\/9666\/revisions"}],"predecessor-version":[{"id":9670,"href":"https:\/\/suisse-fibromyalgie.ch\/de\/wp-json\/wp\/v2\/posts\/9666\/revisions\/9670"}],"wp:featuredmedia":[{"embeddable":true,"href":"https:\/\/suisse-fibromyalgie.ch\/de\/wp-json\/wp\/v2\/media\/5872"}],"wp:attachment":[{"href":"https:\/\/suisse-fibromyalgie.ch\/de\/wp-json\/wp\/v2\/media?parent=9666"}],"wp:term":[{"taxonomy":"category","embeddable":true,"href":"https:\/\/suisse-fibromyalgie.ch\/de\/wp-json\/wp\/v2\/categories?post=9666"},{"taxonomy":"post_tag","embeddable":true,"href":"https:\/\/suisse-fibromyalgie.ch\/de\/wp-json\/wp\/v2\/tags?post=9666"}],"curies":[{"name":"wp","href":"https:\/\/api.w.org\/{rel}","templated":true}]}}