{"id":9661,"date":"2026-05-01T23:29:22","date_gmt":"2026-05-01T21:29:22","guid":{"rendered":"https:\/\/suisse-fibromyalgie.ch\/?p=9661"},"modified":"2026-05-01T23:32:03","modified_gmt":"2026-05-01T21:32:03","slug":"ries-reynald","status":"publish","type":"post","link":"https:\/\/suisse-fibromyalgie.ch\/de\/ries-reynald\/","title":{"rendered":"Ries Reynald\u00a0"},"content":{"rendered":"<div data-elementor-type=\"wp-post\" data-elementor-id=\"9661\" class=\"elementor elementor-9661\" data-elementor-post-type=\"post\">\n\t\t\t\t\t\t<section class=\"elementor-section elementor-top-section elementor-element elementor-element-b171fdf elementor-section-boxed elementor-section-height-default elementor-section-height-default\" data-id=\"b171fdf\" data-element_type=\"section\" data-e-type=\"section\">\n\t\t\t\t\t\t<div class=\"elementor-container elementor-column-gap-default\">\n\t\t\t\t\t<div class=\"elementor-column elementor-col-33 elementor-top-column elementor-element elementor-element-e8a4170\" data-id=\"e8a4170\" data-element_type=\"column\" data-e-type=\"column\">\n\t\t\t<div class=\"elementor-widget-wrap elementor-element-populated\">\n\t\t\t\t\t\t<div class=\"elementor-element elementor-element-df27e36 elementor-widget elementor-widget-image\" data-id=\"df27e36\" data-element_type=\"widget\" data-e-type=\"widget\" data-widget_type=\"image.default\">\n\t\t\t\t<div class=\"elementor-widget-container\">\n\t\t\t\t\t\t\t\t\t\t\t\t\t\t\t<img fetchpriority=\"high\" decoding=\"async\" width=\"614\" height=\"455\" src=\"https:\/\/suisse-fibromyalgie.ch\/wp-content\/uploads\/Ries-Reynald.jpg\" class=\"attachment-large size-large wp-image-8677\" alt=\"\" srcset=\"https:\/\/suisse-fibromyalgie.ch\/wp-content\/uploads\/Ries-Reynald.jpg 614w, https:\/\/suisse-fibromyalgie.ch\/wp-content\/uploads\/Ries-Reynald-300x222.jpg 300w, https:\/\/suisse-fibromyalgie.ch\/wp-content\/uploads\/Ries-Reynald-16x12.jpg 16w\" sizes=\"(max-width: 614px) 100vw, 614px\" \/>\t\t\t\t\t\t\t\t\t\t\t\t\t\t\t<\/div>\n\t\t\t\t<\/div>\n\t\t\t\t\t<\/div>\n\t\t<\/div>\n\t\t\t\t<div class=\"elementor-column elementor-col-66 elementor-top-column elementor-element elementor-element-8df9577\" data-id=\"8df9577\" data-element_type=\"column\" data-e-type=\"column\">\n\t\t\t<div class=\"elementor-widget-wrap elementor-element-populated\">\n\t\t\t\t\t\t<div class=\"elementor-element elementor-element-7fe401d elementor-widget elementor-widget-text-editor\" data-id=\"7fe401d\" data-element_type=\"widget\" data-e-type=\"widget\" data-widget_type=\"text-editor.default\">\n\t\t\t\t<div class=\"elementor-widget-container\">\n\t\t\t\t\t\t\t\t\t<h5 class=\"elementor-heading-title elementor-size-default\">Coaching mental, \u00e9motionnel &amp; bien-\u00eatre, sonoth\u00e9rapie aux diapasons, reiki et relaxologie<\/h5><h5><strong>Fibromyalgie, rheumatische Schmerzen, Muskelschmerzen lindern ist m\u00f6glich<\/strong>\u00a0<img decoding=\"async\" class=\"emoji\" role=\"img\" draggable=\"false\" src=\"https:\/\/s.w.org\/images\/core\/emoji\/17.0.2\/svg\/1f525.svg\" alt=\"\ud83d\udd25\" \/><\/h5><p>Erlauben Sie mir, mich kurz vorzustellen.<\/p><p>Im Jahr 2020 sah ich mein Leben explodieren. Ein medizinischer Fehler (FMH-Gutachten), der die Langlebigkeit des Lebens meiner Frau beeintr\u00e4chtigt hat. Drei Jahre des Leidens, des inneren Chaos, der Resilienz mit roher Gewalt. Ich habe es geschafft. Ganz allein. Langsam. Mit Entschlossenheit, indem ich all die Resilienz an den Tag legte, zu der ich f\u00e4hig war.<\/p><p>Und genau dieses Chaos hat es mir erm\u00f6glicht, mein Leben zu \u00e4ndern.<\/p><p>Ich, der ehemalige Polizist, Sicherheitsfachmann und Inhaber verschiedener eidgen\u00f6ssischer Fachausweise (u. a. als Sicherheitsbeauftragter in Krankenh\u00e4usern), habe einen anderen Weg gew\u00e4hlt. Den der Pflege. Den des Menschen.<\/p><p>Seit 2021 bilde ich mich unerm\u00fcdlich in komplement\u00e4rer Pflege weiter: Reiki, Ayurveda, Lithotherapie, Relaxologie, Sonotherapie, NLP, Emotionscoaching, 1<sup>er<\/sup>\u00a0... und das ist noch nicht alles, es gibt immer etwas zu lernen, besser zu werden, um im Dienste der Leidenden zu stehen.<\/p><p>Keine Spielereien. Nur konkrete Werkzeuge. Seri\u00f6se Praktiken. Getestete Methoden.<\/p><p>Ich war schon immer von Klang und Vibrationen fasziniert. Ich wusste wie die meisten Menschen, dass Schall den K\u00f6rper sch\u00e4digen kann. Sp\u00e4ter sah ich, dass er eingesetzt wurde, um Menschenmengen auseinanderzutreiben und Gegenst\u00e4nde zu zerst\u00f6ren.<\/p><p>Doch beim Entdecken\u00a0<strong>die Klangtherapie mit Stimmgabeln, tibetischen Klangschalen oder Kristallklangschalen,<\/strong>\u00a0ich habe mit dem Finger ber\u00fchrt\u00a0<strong>etwas M\u00e4chtiges ;<\/strong>\u00a0eine gezielte Schwingung auf bestimmten Frequenzen, die in der Lage sind, Geist und K\u00f6rper dort zu entlasten, wo sich der Schmerz seit Jahren festgesetzt hat. Also bilde ich mich weiter, lerne, suche, lerne.<\/p><p>Je pratique sur diff\u00e9rentes douleurs\u00a0: musculaires, articulaires, osseuses, mais pas que\u2026 L\u2019une de mes clientes, qui suit un traitement m\u00e9dicamenteux par suite d\u2019une r\u00e9cidive de son cancer du sein \u00e9prouve des bienfaits avec un m\u00e9lange de soin reiki et de sonoth\u00e9rapie au diapason.<\/p><p>Zeugnis von Louise (auf Englisch)\u00a0<a href=\"https:\/\/www.youtube.com\/shorts\/NB4StdWhu60\" target=\"_blank\" rel=\"noopener\">https:\/\/www.youtube.com\/shorts\/NB4StdWhu60<\/a><\/p>\t\t\t\t\t\t\t\t<\/div>\n\t\t\t\t<\/div>\n\t\t\t\t\t<\/div>\n\t\t<\/div>\n\t\t\t\t\t<\/div>\n\t\t<\/section>\n\t\t\t\t<section class=\"elementor-section elementor-top-section elementor-element elementor-element-ba52c4f elementor-section-boxed elementor-section-height-default elementor-section-height-default\" data-id=\"ba52c4f\" data-element_type=\"section\" data-e-type=\"section\">\n\t\t\t\t\t\t<div class=\"elementor-container elementor-column-gap-default\">\n\t\t\t\t\t<div class=\"elementor-column elementor-col-100 elementor-top-column elementor-element elementor-element-cf361a3\" data-id=\"cf361a3\" data-element_type=\"column\" data-e-type=\"column\">\n\t\t\t<div class=\"elementor-widget-wrap elementor-element-populated\">\n\t\t\t\t\t\t<div class=\"elementor-element elementor-element-1dc6dd9 elementor-widget elementor-widget-text-editor\" data-id=\"1dc6dd9\" data-element_type=\"widget\" data-e-type=\"widget\" data-widget_type=\"text-editor.default\">\n\t\t\t\t<div class=\"elementor-widget-container\">\n\t\t\t\t\t\t\t\t\t<section class=\"elementor-section elementor-top-section elementor-element elementor-element-38aa8a1 elementor-section-boxed elementor-section-height-default elementor-section-height-default\" data-id=\"38aa8a1\" data-element_type=\"section\" data-e-type=\"section\"><div class=\"elementor-container elementor-column-gap-default\"><div class=\"elementor-column elementor-col-100 elementor-top-column elementor-element elementor-element-9ccf3dc\" data-id=\"9ccf3dc\" data-element_type=\"column\" data-e-type=\"column\"><div class=\"elementor-widget-wrap elementor-element-populated\"><div class=\"elementor-element elementor-element-4815149 elementor-widget elementor-widget-text-editor\" data-id=\"4815149\" data-element_type=\"widget\" data-e-type=\"widget\" data-widget_type=\"text-editor.default\"><div class=\"elementor-widget-container\"><h5><strong>Dann lerne ich eine Person kennen, die an schwerer Fibromyalgie &amp; Diskopathie leidet!<\/strong><\/h5><p>Chronische Schmerzen. Eine erdr\u00fcckende M\u00fcdigkeit. Ein Verlust der Mobilit\u00e4t. Einen geistigen Nebel. Ein t\u00e4gliches Leiden, ganz zu schweigen von ihrem emotionalen Zustand. Schrecklich f\u00fcr sie, die Hochleistungssportlerin war.<\/p><p>Erfahrungsbericht von Sylvie :\u00a0<a href=\"https:\/\/youtu.be\/3TalZdCEVS0\" target=\"_blank\" rel=\"noopener\">https:\/\/youtu.be\/3TalZdCEVS0<\/a><\/p><p>Ich lade sie ein, die Sonotherapie und die Tiefenentspannung zu testen. Sie kommt skeptisch mit. \"Im schlimmsten Fall wird es nichts bringen\", sagt sie.<\/p><p>Erfahrungsbericht von Sylvie :\u00a0<a href=\"https:\/\/youtu.be\/oNWpY2Axs4A\" target=\"_blank\" rel=\"noopener\">https:\/\/youtu.be\/oNWpY2Axs4A<\/a><\/p><p><img decoding=\"async\" class=\"emoji\" role=\"img\" draggable=\"false\" src=\"https:\/\/s.w.org\/images\/core\/emoji\/17.0.2\/svg\/1f4a5.svg\" alt=\"\ud83d\udca5\" \/>\u00a0Apr\u00e8s la premi\u00e8re s\u00e9ance, elle sent quelque chose qui se passe sur le mental, Son scepticisme baisse.<\/p><p><img decoding=\"async\" class=\"emoji\" role=\"img\" draggable=\"false\" src=\"https:\/\/s.w.org\/images\/core\/emoji\/17.0.2\/svg\/1f4a5.svg\" alt=\"\ud83d\udca5\" \/>\u00a0La deuxi\u00e8me s\u00e9ance, a \u00e9t\u00e9 pour elle un rel\u00e2chement total.<br \/><img decoding=\"async\" class=\"emoji\" role=\"img\" draggable=\"false\" src=\"https:\/\/s.w.org\/images\/core\/emoji\/17.0.2\/svg\/1f4a5.svg\" alt=\"\ud83d\udca5\" \/>\u00a0Au fil des s\u00e9ances elle commence \u00e0 retrouver sa mobilit\u00e9.<\/p><p>Erfahrungsbericht von Sylvie :\u00a0<a href=\"https:\/\/youtu.be\/3lqOhsIYoAQ\" target=\"_blank\" rel=\"noopener\">https:\/\/youtu.be\/3lqOhsIYoAQ<\/a><\/p><p>Das vollst\u00e4ndige Zeugnis hier :\u00a0<a href=\"https:\/\/youtu.be\/dk62AbU74zU\" target=\"_blank\" rel=\"noopener\">https:\/\/youtu.be\/dk62AbU74zU<\/a><\/p><p>Es handelt sich nicht um Zauberei, sondern um eine Pflege, die sich aus den erg\u00e4nzenden Behandlungen Relaxologie &amp; Sonotherapie zusammensetzt. Die Wirkung wurde in der Studie von Dr. Joris Bohnenkamp nachgewiesen, die an 60 Frauen mit Fibromyalgie durchgef\u00fchrt wurde. Die Ergebnisse sind da:\u00a0<strong>erh\u00f6hte Mobilit\u00e4t, weniger Schmerzen, verbesserte Lebensqualit\u00e4t<\/strong>.<\/p><p>Ich verspreche keine Wunder, denn jeder reagiert anders. Ich biete Ihnen einfach einen Raum, eine Methode, eine menschliche, echte, solide Begleitung - um zu lindern, um voranzukommen, um besser zu leben.<\/p><p>Nehmen Sie Kontakt auf, lassen Sie uns dar\u00fcber reden, eine einzige Sitzung kann manchmal den Alltag auf den Kopf stellen.<\/p><p>Reynald<\/p><p>CH +41 79 100 1981\u00a0<\/p><p>FR +33 7 68 25 2851<\/p><\/div><\/div><\/div><\/div><\/div><\/section><section class=\"elementor-section elementor-top-section elementor-element elementor-element-fce1291 elementor-section-boxed elementor-section-height-default elementor-section-height-default\" data-id=\"fce1291\" data-element_type=\"section\" data-e-type=\"section\"><div class=\"elementor-container elementor-column-gap-default\"><div class=\"elementor-column elementor-col-50 elementor-top-column elementor-element elementor-element-3eb25a5\" data-id=\"3eb25a5\" data-element_type=\"column\" data-e-type=\"column\"><div class=\"elementor-widget-wrap elementor-element-populated\"><div class=\"elementor-element elementor-element-7b832d7 elementor-widget elementor-widget-text-editor\" data-id=\"7b832d7\" data-element_type=\"widget\" data-e-type=\"widget\" data-widget_type=\"text-editor.default\"><div class=\"elementor-widget-container\"><div id=\"bgLayers_comp-ljcvm8ir\" class=\"MW5IWV\" data-hook=\"bgLayers\" data-motion-part=\"BG_LAYER\"><div id=\"bgMedia_comp-ljcvm8ir\" class=\"VgO9Yg\" data-motion-part=\"BG_MEDIA\">Befindet sich in Corcelles-Cormondr\u00e8che.<\/div><\/div><\/div><\/div><\/div><\/div><\/div><\/section>\t\t\t\t\t\t\t\t<\/div>\n\t\t\t\t<\/div>\n\t\t\t\t\t<\/div>\n\t\t<\/div>\n\t\t\t\t\t<\/div>\n\t\t<\/section>\n\t\t\t\t<\/div>","protected":false},"excerpt":{"rendered":"<p>Freiburg: Aubert Chantal<\/p>","protected":false},"author":569,"featured_media":8677,"comment_status":"open","ping_status":"open","sticky":false,"template":"","format":"standard","meta":{"footnotes":""},"categories":[226,215],"tags":[],"class_list":["post-9661","post","type-post","status-publish","format-standard","has-post-thumbnail","hentry","category-neuchatel","category-therapeutes"],"publishpress_future_action":{"enabled":false,"date":"2026-05-09 09:30:41","action":"change-status","newStatus":"draft","terms":[],"taxonomy":"category","extraData":[]},"publishpress_future_workflow_manual_trigger":{"enabledWorkflows":[]},"_links":{"self":[{"href":"https:\/\/suisse-fibromyalgie.ch\/de\/wp-json\/wp\/v2\/posts\/9661","targetHints":{"allow":["GET"]}}],"collection":[{"href":"https:\/\/suisse-fibromyalgie.ch\/de\/wp-json\/wp\/v2\/posts"}],"about":[{"href":"https:\/\/suisse-fibromyalgie.ch\/de\/wp-json\/wp\/v2\/types\/post"}],"author":[{"embeddable":true,"href":"https:\/\/suisse-fibromyalgie.ch\/de\/wp-json\/wp\/v2\/users\/569"}],"replies":[{"embeddable":true,"href":"https:\/\/suisse-fibromyalgie.ch\/de\/wp-json\/wp\/v2\/comments?post=9661"}],"version-history":[{"count":4,"href":"https:\/\/suisse-fibromyalgie.ch\/de\/wp-json\/wp\/v2\/posts\/9661\/revisions"}],"predecessor-version":[{"id":9665,"href":"https:\/\/suisse-fibromyalgie.ch\/de\/wp-json\/wp\/v2\/posts\/9661\/revisions\/9665"}],"wp:featuredmedia":[{"embeddable":true,"href":"https:\/\/suisse-fibromyalgie.ch\/de\/wp-json\/wp\/v2\/media\/8677"}],"wp:attachment":[{"href":"https:\/\/suisse-fibromyalgie.ch\/de\/wp-json\/wp\/v2\/media?parent=9661"}],"wp:term":[{"taxonomy":"category","embeddable":true,"href":"https:\/\/suisse-fibromyalgie.ch\/de\/wp-json\/wp\/v2\/categories?post=9661"},{"taxonomy":"post_tag","embeddable":true,"href":"https:\/\/suisse-fibromyalgie.ch\/de\/wp-json\/wp\/v2\/tags?post=9661"}],"curies":[{"name":"wp","href":"https:\/\/api.w.org\/{rel}","templated":true}]}}