{"id":9630,"date":"2026-05-01T18:15:54","date_gmt":"2026-05-01T16:15:54","guid":{"rendered":"https:\/\/suisse-fibromyalgie.ch\/?p=9630"},"modified":"2026-05-01T18:24:40","modified_gmt":"2026-05-01T16:24:40","slug":"de-frino-florence","status":"publish","type":"post","link":"https:\/\/suisse-fibromyalgie.ch\/de\/de-frino-florence\/","title":{"rendered":"Gijsman van Ewijk Susanne"},"content":{"rendered":"<div data-elementor-type=\"wp-post\" data-elementor-id=\"9630\" class=\"elementor elementor-9630\" data-elementor-post-type=\"post\">\n\t\t\t\t\t\t<section class=\"elementor-section elementor-top-section elementor-element elementor-element-c428ca2 elementor-section-boxed elementor-section-height-default elementor-section-height-default\" data-id=\"c428ca2\" data-element_type=\"section\" data-e-type=\"section\">\n\t\t\t\t\t\t<div class=\"elementor-container elementor-column-gap-default\">\n\t\t\t\t\t<div class=\"elementor-column elementor-col-33 elementor-top-column elementor-element elementor-element-836fe01\" data-id=\"836fe01\" data-element_type=\"column\" data-e-type=\"column\">\n\t\t\t<div class=\"elementor-widget-wrap elementor-element-populated\">\n\t\t\t\t\t\t<div class=\"elementor-element elementor-element-91795d5 elementor-widget elementor-widget-image\" data-id=\"91795d5\" data-element_type=\"widget\" data-e-type=\"widget\" data-widget_type=\"image.default\">\n\t\t\t\t<div class=\"elementor-widget-container\">\n\t\t\t\t\t\t\t\t\t\t\t\t\t\t\t<img fetchpriority=\"high\" decoding=\"async\" width=\"302\" height=\"347\" src=\"https:\/\/suisse-fibromyalgie.ch\/wp-content\/uploads\/Susanne-Gijsman.jpg\" class=\"attachment-large size-large wp-image-9405\" alt=\"\" srcset=\"https:\/\/suisse-fibromyalgie.ch\/wp-content\/uploads\/Susanne-Gijsman.jpg 302w, https:\/\/suisse-fibromyalgie.ch\/wp-content\/uploads\/Susanne-Gijsman-261x300.jpg 261w, https:\/\/suisse-fibromyalgie.ch\/wp-content\/uploads\/Susanne-Gijsman-10x12.jpg 10w\" sizes=\"(max-width: 302px) 100vw, 302px\" \/>\t\t\t\t\t\t\t\t\t\t\t\t\t\t\t<\/div>\n\t\t\t\t<\/div>\n\t\t\t\t\t<\/div>\n\t\t<\/div>\n\t\t\t\t<div class=\"elementor-column elementor-col-66 elementor-top-column elementor-element elementor-element-6268f62\" data-id=\"6268f62\" data-element_type=\"column\" data-e-type=\"column\">\n\t\t\t<div class=\"elementor-widget-wrap elementor-element-populated\">\n\t\t\t\t\t\t<div class=\"elementor-element elementor-element-09c7561 elementor-widget elementor-widget-text-editor\" data-id=\"09c7561\" data-element_type=\"widget\" data-e-type=\"widget\" data-widget_type=\"text-editor.default\">\n\t\t\t\t<div class=\"elementor-widget-container\">\n\t\t\t\t\t\t\t\t\t<h3 class=\"has-text-align-left has-medium-font-size\">Mein Werdegang, im Herzen des Selbstvertrauens<\/h3><p>Ich bin Lehrerin und habe mich auf Lern- und Verhaltensst\u00f6rungen spezialisiert. Seit \u00fcber 20 Jahren begleite ich Sch\u00fcler (von 6 bis 12 Jahren) auf ihrem Weg, wobei ich besonders auf ihr Selbstvertrauen achte.<br \/>Sehr oft wissen Sch\u00fclerinnen und Sch\u00fcler mit Schwierigkeiten nicht mehr, wie sie weiterkommen oder an ihre F\u00e4higkeiten glauben sollen. Mit der Zeit entwickeln viele von ihnen trotz ihrer Ressourcen ein negatives Selbstbild.<\/p>\t\t\t\t\t\t\t\t<\/div>\n\t\t\t\t<\/div>\n\t\t\t\t\t<\/div>\n\t\t<\/div>\n\t\t\t\t\t<\/div>\n\t\t<\/section>\n\t\t\t\t<section class=\"elementor-section elementor-top-section elementor-element elementor-element-eff7cee elementor-section-boxed elementor-section-height-default elementor-section-height-default\" data-id=\"eff7cee\" data-element_type=\"section\" data-e-type=\"section\">\n\t\t\t\t\t\t<div class=\"elementor-container elementor-column-gap-default\">\n\t\t\t\t\t<div class=\"elementor-column elementor-col-100 elementor-top-column elementor-element elementor-element-942e608\" data-id=\"942e608\" data-element_type=\"column\" data-e-type=\"column\">\n\t\t\t<div class=\"elementor-widget-wrap elementor-element-populated\">\n\t\t\t\t\t\t<div class=\"elementor-element elementor-element-3b6c5bc elementor-widget elementor-widget-text-editor\" data-id=\"3b6c5bc\" data-element_type=\"widget\" data-e-type=\"widget\" data-widget_type=\"text-editor.default\">\n\t\t\t\t<div class=\"elementor-widget-container\">\n\t\t\t\t\t\t\t\t\t<section class=\"elementor-section elementor-top-section elementor-element elementor-element-49a8769 elementor-section-boxed elementor-section-height-default elementor-section-height-default\" data-id=\"49a8769\" data-element_type=\"section\" data-e-type=\"section\"><div class=\"elementor-container elementor-column-gap-default\"><div class=\"elementor-column elementor-col-100 elementor-top-column elementor-element elementor-element-b832f5d\" data-id=\"b832f5d\" data-element_type=\"column\" data-e-type=\"column\"><div class=\"elementor-widget-wrap elementor-element-populated\"><div class=\"elementor-element elementor-element-d7d395e elementor-widget elementor-widget-text-editor\" data-id=\"d7d395e\" data-element_type=\"widget\" data-e-type=\"widget\" data-widget_type=\"text-editor.default\"><div class=\"elementor-widget-container\"><h3 class=\"has-medium-font-size\">Mon<strong> engagement dans le coaching \u2013 \u00e0 chaque \u00e9tape de la vie<\/strong><\/h3><p>Im Laufe der Jahre, in denen ich Sch\u00fcler, Eltern und Lehrer begleitet habe, hat sich mir eine \u00dcberzeugung aufgedr\u00e4ngt:<\/p><p><strong>Selbstvertrauen ist die Grundlage f\u00fcr alles.<\/strong><br \/>Sie erm\u00f6glicht es Menschen jeden Alters, sich zu trauen, sie selbst zu sein, sich zu trauen zu lernen, sich zu trauen, Entscheidungen zu treffen, sich zu trauen, Beziehungen zu w\u00e4hlen, sich zu trauen, auf das zuzugehen, was f\u00fcr sie richtig ist, sich zu trauen, Ja oder Nein zu sagen.<br \/>Einfach wagen.<\/p><p>Die Beobachtung dieses Vertrauensverlusts in der Praxis war das Sprungbrett f\u00fcr meine Besch\u00e4ftigung mit dem Coaching.<\/p><p>Ich bin in psycho-emotionalem Coaching ausgebildet und zertifizierter Coach des Spiels Cap sur la Confiance.<br \/>Mein Ansatz beruht auf dem Verst\u00e4ndnis der Emotionen, der emotionalen Regulierung und der Achtung des Rhythmus jedes Einzelnen in einem sicheren und menschlichen Rahmen. Ich biete ein psycho-emotionales Coaching an, das sich auf das Zuh\u00f6ren, das Bewusstwerden und kleine Fortschritte von Sitzung zu Sitzung konzentriert.<\/p><p>Es ist m\u00f6glich, das Coaching als Einzelperson oder in der Gruppe (mit dem Spiel Cap sur la Confiance) durchzuf\u00fchren.<\/p><p>Wir arbeiten an emotionalen Blockaden, versuchen, sie zu verstehen und zu bes\u00e4nftigen. Manchmal ist es notwendig, in die Vergangenheit zur\u00fcckzugehen, um Erlebnisse und Emotionen zu bes\u00e4nftigen.<\/p><\/div><\/div><\/div><\/div><\/div><\/section><section class=\"elementor-section elementor-top-section elementor-element elementor-element-fce1291 elementor-section-boxed elementor-section-height-default elementor-section-height-default\" data-id=\"fce1291\" data-element_type=\"section\" data-e-type=\"section\"><div class=\"elementor-container elementor-column-gap-default\"><div class=\"elementor-column elementor-col-50 elementor-top-column elementor-element elementor-element-3eb25a5\" data-id=\"3eb25a5\" data-element_type=\"column\" data-e-type=\"column\"><div class=\"elementor-widget-wrap elementor-element-populated\"><div class=\"elementor-element elementor-element-7b832d7 elementor-widget elementor-widget-text-editor\" data-id=\"7b832d7\" data-element_type=\"widget\" data-e-type=\"widget\" data-widget_type=\"text-editor.default\"><div class=\"elementor-widget-container\"><div id=\"bgLayers_comp-ljcvm8ir\" class=\"MW5IWV\" data-hook=\"bgLayers\" data-motion-part=\"BG_LAYER\"><div id=\"bgMedia_comp-ljcvm8ir\" class=\"VgO9Yg\" data-motion-part=\"BG_MEDIA\">Befindet sich in Les Geneveys-sur-Coffrane im Kanton Neuch\u00e2tel.<\/div><div id=\"bgMedia_comp-ljcvm8ir\" class=\"VgO9Yg\" data-motion-part=\"BG_MEDIA\">\u00a0<\/div><div id=\"bgMedia_comp-ljcvm8ir\" class=\"VgO9Yg\" data-motion-part=\"BG_MEDIA\"><strong><a href=\"https:\/\/extra.coach\/\">Mehr erfahren \u2192.<\/a><\/strong><\/div><\/div><\/div><\/div><\/div><\/div><\/div><\/section>\t\t\t\t\t\t\t\t<\/div>\n\t\t\t\t<\/div>\n\t\t\t\t\t<\/div>\n\t\t<\/div>\n\t\t\t\t\t<\/div>\n\t\t<\/section>\n\t\t\t\t<\/div>","protected":false},"excerpt":{"rendered":"<p>Freiburg: Aubert Chantal<\/p>","protected":false},"author":569,"featured_media":9405,"comment_status":"open","ping_status":"open","sticky":false,"template":"","format":"standard","meta":{"footnotes":""},"categories":[226,215],"tags":[],"class_list":["post-9630","post","type-post","status-publish","format-standard","has-post-thumbnail","hentry","category-neuchatel","category-therapeutes"],"publishpress_future_action":{"enabled":false,"date":"2026-05-09 07:26:43","action":"change-status","newStatus":"draft","terms":[],"taxonomy":"category","extraData":[]},"publishpress_future_workflow_manual_trigger":{"enabledWorkflows":[]},"_links":{"self":[{"href":"https:\/\/suisse-fibromyalgie.ch\/de\/wp-json\/wp\/v2\/posts\/9630","targetHints":{"allow":["GET"]}}],"collection":[{"href":"https:\/\/suisse-fibromyalgie.ch\/de\/wp-json\/wp\/v2\/posts"}],"about":[{"href":"https:\/\/suisse-fibromyalgie.ch\/de\/wp-json\/wp\/v2\/types\/post"}],"author":[{"embeddable":true,"href":"https:\/\/suisse-fibromyalgie.ch\/de\/wp-json\/wp\/v2\/users\/569"}],"replies":[{"embeddable":true,"href":"https:\/\/suisse-fibromyalgie.ch\/de\/wp-json\/wp\/v2\/comments?post=9630"}],"version-history":[{"count":11,"href":"https:\/\/suisse-fibromyalgie.ch\/de\/wp-json\/wp\/v2\/posts\/9630\/revisions"}],"predecessor-version":[{"id":9646,"href":"https:\/\/suisse-fibromyalgie.ch\/de\/wp-json\/wp\/v2\/posts\/9630\/revisions\/9646"}],"wp:featuredmedia":[{"embeddable":true,"href":"https:\/\/suisse-fibromyalgie.ch\/de\/wp-json\/wp\/v2\/media\/9405"}],"wp:attachment":[{"href":"https:\/\/suisse-fibromyalgie.ch\/de\/wp-json\/wp\/v2\/media?parent=9630"}],"wp:term":[{"taxonomy":"category","embeddable":true,"href":"https:\/\/suisse-fibromyalgie.ch\/de\/wp-json\/wp\/v2\/categories?post=9630"},{"taxonomy":"post_tag","embeddable":true,"href":"https:\/\/suisse-fibromyalgie.ch\/de\/wp-json\/wp\/v2\/tags?post=9630"}],"curies":[{"name":"wp","href":"https:\/\/api.w.org\/{rel}","templated":true}]}}