{"id":9621,"date":"2026-05-01T18:05:49","date_gmt":"2026-05-01T16:05:49","guid":{"rendered":"https:\/\/suisse-fibromyalgie.ch\/?p=9621"},"modified":"2026-05-01T18:07:54","modified_gmt":"2026-05-01T16:07:54","slug":"chatelain-grob-sophie","status":"publish","type":"post","link":"https:\/\/suisse-fibromyalgie.ch\/de\/chatelain-grob-sophie\/","title":{"rendered":"Chatelain Grob Sophie"},"content":{"rendered":"<div data-elementor-type=\"wp-post\" data-elementor-id=\"9621\" class=\"elementor elementor-9621\" data-elementor-post-type=\"post\">\n\t\t\t\t\t\t<section class=\"elementor-section elementor-top-section elementor-element elementor-element-0adf11e elementor-section-boxed elementor-section-height-default elementor-section-height-default\" data-id=\"0adf11e\" data-element_type=\"section\" data-e-type=\"section\">\n\t\t\t\t\t\t<div class=\"elementor-container elementor-column-gap-default\">\n\t\t\t\t\t<div class=\"elementor-column elementor-col-33 elementor-top-column elementor-element elementor-element-def34f5\" data-id=\"def34f5\" data-element_type=\"column\" data-e-type=\"column\">\n\t\t\t<div class=\"elementor-widget-wrap elementor-element-populated\">\n\t\t\t\t\t\t<div class=\"elementor-element elementor-element-f7cc809 elementor-widget elementor-widget-image\" data-id=\"f7cc809\" data-element_type=\"widget\" data-e-type=\"widget\" data-widget_type=\"image.default\">\n\t\t\t\t<div class=\"elementor-widget-container\">\n\t\t\t\t\t\t\t\t\t\t\t\t\t\t\t<img fetchpriority=\"high\" decoding=\"async\" width=\"467\" height=\"450\" src=\"https:\/\/suisse-fibromyalgie.ch\/wp-content\/uploads\/Chatelain-Grob-Sophie.jpg\" class=\"attachment-large size-large wp-image-5371\" alt=\"\" srcset=\"https:\/\/suisse-fibromyalgie.ch\/wp-content\/uploads\/Chatelain-Grob-Sophie.jpg 467w, https:\/\/suisse-fibromyalgie.ch\/wp-content\/uploads\/Chatelain-Grob-Sophie-300x289.jpg 300w, https:\/\/suisse-fibromyalgie.ch\/wp-content\/uploads\/Chatelain-Grob-Sophie-12x12.jpg 12w\" sizes=\"(max-width: 467px) 100vw, 467px\" \/>\t\t\t\t\t\t\t\t\t\t\t\t\t\t\t<\/div>\n\t\t\t\t<\/div>\n\t\t\t\t\t<\/div>\n\t\t<\/div>\n\t\t\t\t<div class=\"elementor-column elementor-col-66 elementor-top-column elementor-element elementor-element-6cbedab\" data-id=\"6cbedab\" data-element_type=\"column\" data-e-type=\"column\">\n\t\t\t<div class=\"elementor-widget-wrap elementor-element-populated\">\n\t\t\t\t\t\t<div class=\"elementor-element elementor-element-d249c39 elementor-widget elementor-widget-text-editor\" data-id=\"d249c39\" data-element_type=\"widget\" data-e-type=\"widget\" data-widget_type=\"text-editor.default\">\n\t\t\t\t<div class=\"elementor-widget-container\">\n\t\t\t\t\t\t\t\t\t<div id=\"bgLayers_comp-l2udy7w51\" class=\"MW5IWV\" data-hook=\"bgLayers\" data-motion-part=\"BG_LAYER\"><p id=\"bgMedia_comp-l2udy7w51\" class=\"VgO9Yg\" data-motion-part=\"BG_MEDIA\">Ich bin seit \u00fcber 20 Jahren Physiotherapeutin und wollte meine Ber\u00fchrung durch die feine und zarte Ber\u00fchrung der Faszientherapie vertiefen. Dies habe ich 2017 in Angriff genommen, indem ich die dreij\u00e4hrige Ausbildung an der Schweizer Schule f\u00fcr Fasciatherapie in Lausanne absolviert habe. Anfang 2022 habe ich mich auf p\u00e4diatrische Faszien spezialisiert. Mit Freude kehre ich als Mutter von drei erwachsenen Kindern in die Welt der kleinen Kinder zur\u00fcck.<\/p><\/div><div id=\"comp-l2kprq1u\" class=\"HcOXKn SxM0TO QxJLC3 comp-l2kprq1u wixui-rich-text\" data-testid=\"richTextElement\"><h4 class=\"font_0 wixui-rich-text__text\"><span class=\"color_32 wixui-rich-text__text\"><span class=\"wixui-rich-text__text\">FASZIEN, WAS IST DAS?<\/span><\/span><\/h4><\/div><div id=\"comp-l2kprq1v\" class=\"HcOXKn SxM0TO QxJLC3 comp-l2kprq1v wixui-rich-text\" data-testid=\"richTextElement\"><p class=\"font_10 wixui-rich-text__text\"><span class=\"color_11 wixui-rich-text__text\">Die Faszientherapie nach Danis Bois (FDB) ist eine manuelle Therapie, die aus den 1980er Jahren stammt.<\/span><\/p><p class=\"font_10 wixui-rich-text__text\"><span class=\"color_11 wixui-rich-text__text\">Faszien sind eine Membran, die alle Strukturen des K\u00f6rpers umh\u00fcllt und sie miteinander verbindet. Wie Spinnweben umh\u00fcllen die Faszien die Muskeln, die Organe ( Darm, Herz, Lunge) sowie das zentrale und periphere Nervensystem. Dank der Verbindungen der Faszien zwischen den verschiedenen K\u00f6rpersystemen kann der Faszientherapeut sowohl in der Tiefe als auch an der Oberfl\u00e4che arbeiten und eine psycho-k\u00f6rperliche Harmonie wiederherstellen, indem er die Faszien wieder geschmeidig und anpassungsf\u00e4hig macht.\u00a0<\/span><\/p><p class=\"font_10 wixui-rich-text__text\"><span class=\"color_11 wixui-rich-text__text\">Die Faszientherapie ist eine Therapie, bei der sanfte, langsame und respektvolle Ber\u00fchrungen eingesetzt werden, die auf Ihren K\u00f6rper h\u00f6ren.<\/span><\/p><p><a href=\"https:\/\/www.sophysio.ch\/\"><strong>Mehr erfahren \u2192.<\/strong><\/a><\/p><\/div>\t\t\t\t\t\t\t\t<\/div>\n\t\t\t\t<\/div>\n\t\t\t\t\t<\/div>\n\t\t<\/div>\n\t\t\t\t\t<\/div>\n\t\t<\/section>\n\t\t\t\t<\/div>","protected":false},"excerpt":{"rendered":"<p>Freiburg: Aubert Chantal<\/p>","protected":false},"author":569,"featured_media":5371,"comment_status":"open","ping_status":"open","sticky":false,"template":"","format":"standard","meta":{"footnotes":""},"categories":[226,215],"tags":[],"class_list":["post-9621","post","type-post","status-publish","format-standard","has-post-thumbnail","hentry","category-neuchatel","category-therapeutes"],"publishpress_future_action":{"enabled":false,"date":"2026-05-09 09:31:00","action":"change-status","newStatus":"draft","terms":[],"taxonomy":"category","extraData":[]},"publishpress_future_workflow_manual_trigger":{"enabledWorkflows":[]},"_links":{"self":[{"href":"https:\/\/suisse-fibromyalgie.ch\/de\/wp-json\/wp\/v2\/posts\/9621","targetHints":{"allow":["GET"]}}],"collection":[{"href":"https:\/\/suisse-fibromyalgie.ch\/de\/wp-json\/wp\/v2\/posts"}],"about":[{"href":"https:\/\/suisse-fibromyalgie.ch\/de\/wp-json\/wp\/v2\/types\/post"}],"author":[{"embeddable":true,"href":"https:\/\/suisse-fibromyalgie.ch\/de\/wp-json\/wp\/v2\/users\/569"}],"replies":[{"embeddable":true,"href":"https:\/\/suisse-fibromyalgie.ch\/de\/wp-json\/wp\/v2\/comments?post=9621"}],"version-history":[{"count":4,"href":"https:\/\/suisse-fibromyalgie.ch\/de\/wp-json\/wp\/v2\/posts\/9621\/revisions"}],"predecessor-version":[{"id":9626,"href":"https:\/\/suisse-fibromyalgie.ch\/de\/wp-json\/wp\/v2\/posts\/9621\/revisions\/9626"}],"wp:featuredmedia":[{"embeddable":true,"href":"https:\/\/suisse-fibromyalgie.ch\/de\/wp-json\/wp\/v2\/media\/5371"}],"wp:attachment":[{"href":"https:\/\/suisse-fibromyalgie.ch\/de\/wp-json\/wp\/v2\/media?parent=9621"}],"wp:term":[{"taxonomy":"category","embeddable":true,"href":"https:\/\/suisse-fibromyalgie.ch\/de\/wp-json\/wp\/v2\/categories?post=9621"},{"taxonomy":"post_tag","embeddable":true,"href":"https:\/\/suisse-fibromyalgie.ch\/de\/wp-json\/wp\/v2\/tags?post=9621"}],"curies":[{"name":"wp","href":"https:\/\/api.w.org\/{rel}","templated":true}]}}