{"id":9616,"date":"2026-05-01T17:57:50","date_gmt":"2026-05-01T15:57:50","guid":{"rendered":"https:\/\/suisse-fibromyalgie.ch\/?p=9616"},"modified":"2026-05-01T18:02:36","modified_gmt":"2026-05-01T16:02:36","slug":"aurelie-communal","status":"publish","type":"post","link":"https:\/\/suisse-fibromyalgie.ch\/de\/aurelie-communal\/","title":{"rendered":"Aur\u00e9lie Communal"},"content":{"rendered":"<div data-elementor-type=\"wp-post\" data-elementor-id=\"9616\" class=\"elementor elementor-9616\" data-elementor-post-type=\"post\">\n\t\t\t\t\t\t<section class=\"elementor-section elementor-top-section elementor-element elementor-element-841cb39 elementor-section-boxed elementor-section-height-default elementor-section-height-default\" data-id=\"841cb39\" data-element_type=\"section\" data-e-type=\"section\">\n\t\t\t\t\t\t<div class=\"elementor-container elementor-column-gap-default\">\n\t\t\t\t\t<div class=\"elementor-column elementor-col-33 elementor-top-column elementor-element elementor-element-7e66e51\" data-id=\"7e66e51\" data-element_type=\"column\" data-e-type=\"column\">\n\t\t\t<div class=\"elementor-widget-wrap elementor-element-populated\">\n\t\t\t\t\t\t<div class=\"elementor-element elementor-element-a42118d elementor-widget elementor-widget-image\" data-id=\"a42118d\" data-element_type=\"widget\" data-e-type=\"widget\" data-widget_type=\"image.default\">\n\t\t\t\t<div class=\"elementor-widget-container\">\n\t\t\t\t\t\t\t\t\t\t\t\t\t\t\t<img fetchpriority=\"high\" decoding=\"async\" width=\"355\" height=\"414\" src=\"https:\/\/suisse-fibromyalgie.ch\/wp-content\/uploads\/Aurelie-Communal.jpg\" class=\"attachment-medium_large size-medium_large wp-image-8440\" alt=\"\" srcset=\"https:\/\/suisse-fibromyalgie.ch\/wp-content\/uploads\/Aurelie-Communal.jpg 355w, https:\/\/suisse-fibromyalgie.ch\/wp-content\/uploads\/Aurelie-Communal-257x300.jpg 257w, https:\/\/suisse-fibromyalgie.ch\/wp-content\/uploads\/Aurelie-Communal-10x12.jpg 10w\" sizes=\"(max-width: 355px) 100vw, 355px\" \/>\t\t\t\t\t\t\t\t\t\t\t\t\t\t\t<\/div>\n\t\t\t\t<\/div>\n\t\t\t\t\t<\/div>\n\t\t<\/div>\n\t\t\t\t<div class=\"elementor-column elementor-col-66 elementor-top-column elementor-element elementor-element-d883e55\" data-id=\"d883e55\" data-element_type=\"column\" data-e-type=\"column\">\n\t\t\t<div class=\"elementor-widget-wrap elementor-element-populated\">\n\t\t\t\t\t\t<div class=\"elementor-element elementor-element-a4bf3e2 elementor-widget elementor-widget-text-editor\" data-id=\"a4bf3e2\" data-element_type=\"widget\" data-e-type=\"widget\" data-widget_type=\"text-editor.default\">\n\t\t\t\t<div class=\"elementor-widget-container\">\n\t\t\t\t\t\t\t\t\t<div id=\"comp-l220jsmo1\" class=\"HcOXKn c9GqVL QxJLC3 comp-l220jsmo1 wixui-rich-text\" data-testid=\"richTextElement\"><h3 class=\"font_0 wixui-rich-text__text\">Wer bin ich?<\/h3><p>A la fois professeure de harpe, musicoth\u00e9rapeute agr\u00e9\u00e9e ASCA et professeure de Qi Gong agr\u00e9\u00e9e ASCA, j\u2019enseigne et pratique \u00e0 Gen\u00e8ve et \u00e0 Ch\u00eane-Bourg principalement.<\/p><p>Pour moi, ces 3 pratiques se rejoignent, se compl\u00e8tent et s\u2019enrichissent et sont en chemin vers l\u2019\u00e9panouissement de chacun quelles que soient les difficult\u00e9s ou handicaps rencontr\u00e9s. Avec une \u00e9coute attentive et bienveillante, j\u2019accueille chaque individu en m\u2019adaptant \u00e0 ses besoins.<\/p><\/div><p>Depuis plusieurs ann\u00e9es, j\u2019enseigne le Qi Gong, pratique que j\u2019ai eu la joie de d\u00e9couvrir avec le Taichi en 2009. L\u2019\u00e9nerg\u00e9tique a depuis guid\u00e9e ma vie et m\u2019a permis de ma soigner. J\u2019ai ainsi \u00e0 c\u0153ur de transmettre les effets b\u00e9n\u00e9fiques de ces pratiques \u00e9nerg\u00e9tiques.<\/p><section class=\"elementor-section elementor-top-section elementor-element elementor-element-49a8769 elementor-section-boxed elementor-section-height-default elementor-section-height-default\" data-id=\"49a8769\" data-element_type=\"section\" data-e-type=\"section\"><div class=\"elementor-container elementor-column-gap-default\"><div class=\"elementor-column elementor-col-100 elementor-top-column elementor-element elementor-element-b832f5d\" data-id=\"b832f5d\" data-element_type=\"column\" data-e-type=\"column\"><div class=\"elementor-widget-wrap elementor-element-populated\"><div class=\"elementor-element elementor-element-d7d395e elementor-widget elementor-widget-text-editor\" data-id=\"d7d395e\" data-element_type=\"widget\" data-e-type=\"widget\" data-widget_type=\"text-editor.default\"><div class=\"elementor-widget-container\">\u00a0<\/div><\/div><\/div><\/div><\/div><\/section><section class=\"elementor-section elementor-top-section elementor-element elementor-element-fce1291 elementor-section-boxed elementor-section-height-default elementor-section-height-default\" data-id=\"fce1291\" data-element_type=\"section\" data-e-type=\"section\"><div class=\"elementor-container elementor-column-gap-default\"><div class=\"elementor-column elementor-col-50 elementor-top-column elementor-element elementor-element-3eb25a5\" data-id=\"3eb25a5\" data-element_type=\"column\" data-e-type=\"column\"><div class=\"elementor-widget-wrap elementor-element-populated\"><div class=\"elementor-element elementor-element-7b832d7 elementor-widget elementor-widget-text-editor\" data-id=\"7b832d7\" data-element_type=\"widget\" data-e-type=\"widget\" data-widget_type=\"text-editor.default\"><div class=\"elementor-widget-container\"><div id=\"bgLayers_comp-ljcvm8ir\" class=\"MW5IWV\" data-hook=\"bgLayers\" data-motion-part=\"BG_LAYER\"><div id=\"bgMedia_comp-ljcvm8ir\" class=\"VgO9Yg\" data-motion-part=\"BG_MEDIA\">\u00a0<\/div><\/div><\/div><\/div><\/div><\/div><\/div><\/section>\t\t\t\t\t\t\t\t<\/div>\n\t\t\t\t<\/div>\n\t\t\t\t\t<\/div>\n\t\t<\/div>\n\t\t\t\t\t<\/div>\n\t\t<\/section>\n\t\t\t\t<section class=\"elementor-section elementor-top-section elementor-element elementor-element-e202002 elementor-section-boxed elementor-section-height-default elementor-section-height-default\" data-id=\"e202002\" data-element_type=\"section\" data-e-type=\"section\">\n\t\t\t\t\t\t<div class=\"elementor-container elementor-column-gap-default\">\n\t\t\t\t\t<div class=\"elementor-column elementor-col-100 elementor-top-column elementor-element elementor-element-95dafa1\" data-id=\"95dafa1\" data-element_type=\"column\" data-e-type=\"column\">\n\t\t\t<div class=\"elementor-widget-wrap elementor-element-populated\">\n\t\t\t\t\t\t<div class=\"elementor-element elementor-element-04baea8 elementor-widget elementor-widget-text-editor\" data-id=\"04baea8\" data-element_type=\"widget\" data-e-type=\"widget\" data-widget_type=\"text-editor.default\">\n\t\t\t\t<div class=\"elementor-widget-container\">\n\t\t\t\t\t\t\t\t\t<section class=\"elementor-section elementor-top-section elementor-element elementor-element-49a8769 elementor-section-boxed elementor-section-height-default elementor-section-height-default\" data-id=\"49a8769\" data-element_type=\"section\" data-e-type=\"section\"><div class=\"elementor-container elementor-column-gap-default\"><div class=\"elementor-column elementor-col-100 elementor-top-column elementor-element elementor-element-b832f5d\" data-id=\"b832f5d\" data-element_type=\"column\" data-e-type=\"column\"><div class=\"elementor-widget-wrap elementor-element-populated\"><div class=\"elementor-element elementor-element-d7d395e elementor-widget elementor-widget-text-editor\" data-id=\"d7d395e\" data-element_type=\"widget\" data-e-type=\"widget\" data-widget_type=\"text-editor.default\"><div class=\"elementor-widget-container\"><p>Qi Gong: Einzel- und Gruppenunterricht, Sitz- und Stehkurse mit Selbstmassage, langsamen Bewegungen, Entspannung und Meditation.<\/p><p>Musicoth\u00e9rapie: S\u00e9ances individuelles et collectives avec les instruments intuitifs, la voix, les les \u00e9coutes sonores, l\u2019expression corporelle, la relaxation musical.<\/p><p>S\u00e9ances sp\u00e9cifiques de relaxation \u00e0 la harpe en individuel et petit groupe avec travail corporel issus du Qi Gong (automassages mouvements lents, postures statiques) et relaxation avec le son de la harpe en jouant (sans n\u00e9cessit\u00e9 d\u2019\u00eatre harpiste) relier la vibration au ressenti corporel pour la d\u00e9tente.<\/p><\/div><\/div><\/div><\/div><\/div><\/section><section class=\"elementor-section elementor-top-section elementor-element elementor-element-fce1291 elementor-section-boxed elementor-section-height-default elementor-section-height-default\" data-id=\"fce1291\" data-element_type=\"section\" data-e-type=\"section\"><div class=\"elementor-container elementor-column-gap-default\"><div class=\"elementor-column elementor-col-50 elementor-top-column elementor-element elementor-element-3eb25a5\" data-id=\"3eb25a5\" data-element_type=\"column\" data-e-type=\"column\"><div class=\"elementor-widget-wrap elementor-element-populated\"><div class=\"elementor-element elementor-element-7b832d7 elementor-widget elementor-widget-text-editor\" data-id=\"7b832d7\" data-element_type=\"widget\" data-e-type=\"widget\" data-widget_type=\"text-editor.default\"><div class=\"elementor-widget-container\"><div id=\"bgLayers_comp-ljcvm8ir\" class=\"MW5IWV\" data-hook=\"bgLayers\" data-motion-part=\"BG_LAYER\"><div id=\"bgMedia_comp-ljcvm8ir\" class=\"VgO9Yg\" data-motion-part=\"BG_MEDIA\">Situ\u00e9 \u00e0 Gen\u00e8ve:\u00a0 \u00a0<\/div><div id=\"bgMedia_comp-ljcvm8ir\" class=\"VgO9Yg\" data-motion-part=\"BG_MEDIA\"><strong><a href=\"https:\/\/aurelie-communal.com\/en\/\">Mehr erfahren \u2192.<\/a><\/strong><\/div><\/div><\/div><\/div><\/div><\/div><\/div><\/section>\t\t\t\t\t\t\t\t<\/div>\n\t\t\t\t<\/div>\n\t\t\t\t\t<\/div>\n\t\t<\/div>\n\t\t\t\t\t<\/div>\n\t\t<\/section>\n\t\t\t\t<\/div>","protected":false},"excerpt":{"rendered":"<p>Freiburg: Aubert Chantal<\/p>","protected":false},"author":569,"featured_media":8440,"comment_status":"open","ping_status":"open","sticky":false,"template":"","format":"standard","meta":{"footnotes":""},"categories":[225,215],"tags":[],"class_list":["post-9616","post","type-post","status-publish","format-standard","has-post-thumbnail","hentry","category-geneve","category-therapeutes"],"publishpress_future_action":{"enabled":false,"date":"2026-05-09 03:23:36","action":"change-status","newStatus":"draft","terms":[],"taxonomy":"category","extraData":[]},"publishpress_future_workflow_manual_trigger":{"enabledWorkflows":[]},"_links":{"self":[{"href":"https:\/\/suisse-fibromyalgie.ch\/de\/wp-json\/wp\/v2\/posts\/9616","targetHints":{"allow":["GET"]}}],"collection":[{"href":"https:\/\/suisse-fibromyalgie.ch\/de\/wp-json\/wp\/v2\/posts"}],"about":[{"href":"https:\/\/suisse-fibromyalgie.ch\/de\/wp-json\/wp\/v2\/types\/post"}],"author":[{"embeddable":true,"href":"https:\/\/suisse-fibromyalgie.ch\/de\/wp-json\/wp\/v2\/users\/569"}],"replies":[{"embeddable":true,"href":"https:\/\/suisse-fibromyalgie.ch\/de\/wp-json\/wp\/v2\/comments?post=9616"}],"version-history":[{"count":4,"href":"https:\/\/suisse-fibromyalgie.ch\/de\/wp-json\/wp\/v2\/posts\/9616\/revisions"}],"predecessor-version":[{"id":9620,"href":"https:\/\/suisse-fibromyalgie.ch\/de\/wp-json\/wp\/v2\/posts\/9616\/revisions\/9620"}],"wp:featuredmedia":[{"embeddable":true,"href":"https:\/\/suisse-fibromyalgie.ch\/de\/wp-json\/wp\/v2\/media\/8440"}],"wp:attachment":[{"href":"https:\/\/suisse-fibromyalgie.ch\/de\/wp-json\/wp\/v2\/media?parent=9616"}],"wp:term":[{"taxonomy":"category","embeddable":true,"href":"https:\/\/suisse-fibromyalgie.ch\/de\/wp-json\/wp\/v2\/categories?post=9616"},{"taxonomy":"post_tag","embeddable":true,"href":"https:\/\/suisse-fibromyalgie.ch\/de\/wp-json\/wp\/v2\/tags?post=9616"}],"curies":[{"name":"wp","href":"https:\/\/api.w.org\/{rel}","templated":true}]}}