{"id":9604,"date":"2026-05-01T17:44:15","date_gmt":"2026-05-01T15:44:15","guid":{"rendered":"https:\/\/suisse-fibromyalgie.ch\/?p=9604"},"modified":"2026-05-01T17:52:14","modified_gmt":"2026-05-01T15:52:14","slug":"tireford-wonny","status":"publish","type":"post","link":"https:\/\/suisse-fibromyalgie.ch\/de\/tireford-wonny\/","title":{"rendered":"Tireford Wonny"},"content":{"rendered":"<div data-elementor-type=\"wp-post\" data-elementor-id=\"9604\" class=\"elementor elementor-9604\" data-elementor-post-type=\"post\">\n\t\t\t\t\t\t<section class=\"elementor-section elementor-top-section elementor-element elementor-element-530babd elementor-section-boxed elementor-section-height-default elementor-section-height-default\" data-id=\"530babd\" data-element_type=\"section\" data-e-type=\"section\">\n\t\t\t\t\t\t<div class=\"elementor-container elementor-column-gap-default\">\n\t\t\t\t\t<div class=\"elementor-column elementor-col-33 elementor-top-column elementor-element elementor-element-00a0076\" data-id=\"00a0076\" data-element_type=\"column\" data-e-type=\"column\">\n\t\t\t<div class=\"elementor-widget-wrap elementor-element-populated\">\n\t\t\t\t\t\t<div class=\"elementor-element elementor-element-8de6584 elementor-widget elementor-widget-image\" data-id=\"8de6584\" data-element_type=\"widget\" data-e-type=\"widget\" data-widget_type=\"image.default\">\n\t\t\t\t<div class=\"elementor-widget-container\">\n\t\t\t\t\t\t\t\t\t\t\t\t\t\t\t<img decoding=\"async\" width=\"200\" height=\"200\" src=\"https:\/\/suisse-fibromyalgie.ch\/wp-content\/uploads\/Logo-Innov-MD-OK.jpeg\" class=\"attachment-large size-large wp-image-9318\" alt=\"\" srcset=\"https:\/\/suisse-fibromyalgie.ch\/wp-content\/uploads\/Logo-Innov-MD-OK.jpeg 200w, https:\/\/suisse-fibromyalgie.ch\/wp-content\/uploads\/Logo-Innov-MD-OK-150x150.jpeg 150w, https:\/\/suisse-fibromyalgie.ch\/wp-content\/uploads\/Logo-Innov-MD-OK-12x12.jpeg 12w\" sizes=\"(max-width: 200px) 100vw, 200px\" \/>\t\t\t\t\t\t\t\t\t\t\t\t\t\t\t<\/div>\n\t\t\t\t<\/div>\n\t\t\t\t\t<\/div>\n\t\t<\/div>\n\t\t\t\t<div class=\"elementor-column elementor-col-66 elementor-top-column elementor-element elementor-element-3110d67\" data-id=\"3110d67\" data-element_type=\"column\" data-e-type=\"column\">\n\t\t\t<div class=\"elementor-widget-wrap elementor-element-populated\">\n\t\t\t\t\t\t<div class=\"elementor-element elementor-element-b5e41db elementor-widget elementor-widget-text-editor\" data-id=\"b5e41db\" data-element_type=\"widget\" data-e-type=\"widget\" data-widget_type=\"text-editor.default\">\n\t\t\t\t<div class=\"elementor-widget-container\">\n\t\t\t\t\t\t\t\t\t<section class=\"elementor-section elementor-top-section elementor-element elementor-element-49a8769 elementor-section-boxed elementor-section-height-default elementor-section-height-default\" data-id=\"49a8769\" data-element_type=\"section\" data-e-type=\"section\"><div class=\"elementor-container elementor-column-gap-default\"><div class=\"elementor-column elementor-col-100 elementor-top-column elementor-element elementor-element-b832f5d\" data-id=\"b832f5d\" data-element_type=\"column\" data-e-type=\"column\"><div class=\"elementor-widget-wrap elementor-element-populated\"><div class=\"elementor-element elementor-element-d7d395e elementor-widget elementor-widget-text-editor\" data-id=\"d7d395e\" data-element_type=\"widget\" data-e-type=\"widget\" data-widget_type=\"text-editor.default\"><div class=\"elementor-widget-container\"><h2>Magnetfeldtherapie mit gepulsten Magnetfeldern &amp; Fibromyalgie<\/h2><p>Fibromyalgie \u00e4u\u00dfert sich in chronischen, diffusen Schmerzen, anhaltender M\u00fcdigkeit, Schlafst\u00f6rungen und k\u00f6rperlicher \u00dcberempfindlichkeit. Die Magnetfeldtherapie mit pulsierenden Magnetfeldern ist ein Wellness-Ansatz, bei dem sanfte magnetische Impulse eingesetzt werden, um die Entspannung und das Wohlbefinden im Alltag zu begleiten.<\/p><p>Im Rahmen der Fibromyalgie kann diese Methode dazu beitragen, :<\/p><ul><li>bestimmte K\u00f6rperspannungen zu lindern,<\/li><li>die Entspannung und Lockerung der Muskeln f\u00f6rdern,<\/li><li>eine bessere Erholung und einen erholsameren Schlaf unterst\u00fctzen,<\/li><li>den Umgang mit Stress und M\u00fcdigkeit begleiten.<\/li><\/ul><p><u>Entdeckungssitzung zu Hause<\/u><\/p><p>Une s\u00e9ance de magn\u00e9toth\u00e9rapie \u00e0 domicile est offerte afin de permettre de d\u00e9couvrir la m\u00e9thode, de comprendre son fonctionnement et d\u2019\u00e9valuer les ressentis en toute tranquillit\u00e9, chez soi.<\/p><p>\u00c0 la suite de cette s\u00e9ance, si la m\u00e9thode correspond aux besoins de la personne, il est possible d\u2019opter pour l\u2019achat d\u2019un dispositif m\u00e9dical de magn\u00e9toth\u00e9rapie par champs magn\u00e9tiques puls\u00e9s, permettant une utilisation autonome et r\u00e9guli\u00e8re \u00e0 domicile, selon ses propres besoins et son rythme.<\/p><p>Avantage membres ASFM : les membres de l\u2019association b\u00e9n\u00e9ficient d\u2019un rabais de 10 % sur l\u2019achat du dispositif m\u00e9dical.<\/p><p>Cette approche s\u2019inscrit comme un accompagnement compl\u00e9mentaire et ne remplace en aucun cas un suivi m\u00e9dical.<\/p><\/div><\/div><\/div><\/div><\/div><\/section><section class=\"elementor-section elementor-top-section elementor-element elementor-element-085dee4 elementor-section-boxed elementor-section-height-default elementor-section-height-default\" data-id=\"085dee4\" data-element_type=\"section\" data-e-type=\"section\"><div class=\"elementor-container elementor-column-gap-default\"><div class=\"elementor-column elementor-col-50 elementor-top-column elementor-element elementor-element-fd354a9\" data-id=\"fd354a9\" data-element_type=\"column\" data-e-type=\"column\"><div class=\"elementor-widget-wrap elementor-element-populated\"><div class=\"elementor-element elementor-element-056f65c elementor-widget elementor-widget-text-editor\" data-id=\"056f65c\" data-element_type=\"widget\" data-e-type=\"widget\" data-widget_type=\"text-editor.default\"><div class=\"elementor-widget-container\"><p>\u00a0<\/p><\/div><\/div><\/div><\/div><\/div><\/section>\t\t\t\t\t\t\t\t<\/div>\n\t\t\t\t<\/div>\n\t\t\t\t\t<\/div>\n\t\t<\/div>\n\t\t\t\t\t<\/div>\n\t\t<\/section>\n\t\t\t\t<section class=\"elementor-section elementor-top-section elementor-element elementor-element-e143e4b elementor-section-boxed elementor-section-height-default elementor-section-height-default\" data-id=\"e143e4b\" data-element_type=\"section\" data-e-type=\"section\">\n\t\t\t\t\t\t<div class=\"elementor-container elementor-column-gap-default\">\n\t\t\t\t\t<div class=\"elementor-column elementor-col-100 elementor-top-column elementor-element elementor-element-6fdcdf0\" data-id=\"6fdcdf0\" data-element_type=\"column\" data-e-type=\"column\">\n\t\t\t<div class=\"elementor-widget-wrap elementor-element-populated\">\n\t\t\t\t\t\t<div class=\"elementor-element elementor-element-507fecd elementor-widget elementor-widget-text-editor\" data-id=\"507fecd\" data-element_type=\"widget\" data-e-type=\"widget\" data-widget_type=\"text-editor.default\">\n\t\t\t\t<div class=\"elementor-widget-container\">\n\t\t\t\t\t\t\t\t\t<section class=\"elementor-section elementor-top-section elementor-element elementor-element-49a8769 elementor-section-boxed elementor-section-height-default elementor-section-height-default\" data-id=\"49a8769\" data-element_type=\"section\" data-e-type=\"section\"><div class=\"elementor-container elementor-column-gap-default\"><div class=\"elementor-column elementor-col-100 elementor-top-column elementor-element elementor-element-b832f5d\" data-id=\"b832f5d\" data-element_type=\"column\" data-e-type=\"column\"><div class=\"elementor-widget-wrap elementor-element-populated\"><div class=\"elementor-element elementor-element-d7d395e elementor-widget elementor-widget-text-editor\" data-id=\"d7d395e\" data-element_type=\"widget\" data-e-type=\"widget\" data-widget_type=\"text-editor.default\"><div class=\"elementor-widget-container\"><h3><u>Chromotherapie &amp; Fibromyalgie<\/u><\/h3><p>La chromoth\u00e9rapie est une m\u00e9thode douce bas\u00e9e sur l\u2019utilisation des couleurs et de leurs vibrations pour favoriser l\u2019\u00e9quilibre \u00e9motionnel et \u00e9nerg\u00e9tique. Elle s\u2019adresse particuli\u00e8rement aux personnes atteintes de fibromyalgie souhaitant une approche non invasive, ax\u00e9e sur le bien-\u00eatre global.<\/p><p>Im Zusammenhang mit Fibromyalgie kann die Farbtherapie helfen, :<\/p><ul><li>emotionale Spannungen zu lindern,<\/li><li>tiefe Entspannung und Loslassen f\u00f6rdern,<\/li><li>Zeiten geistiger und emotionaler Ersch\u00f6pfung begleiten,<\/li><li>ein allgemeines Gef\u00fchl des Wohlbefindens unterst\u00fctzen.<\/li><\/ul><p>La chromoth\u00e9rapie peut \u00eatre utilis\u00e9e seule ou en compl\u00e9ment d\u2019autres approches de bien-\u00eatre, toujours dans le respect de ses propres besoins.<\/p><\/div><\/div><\/div><\/div><\/div><\/section><section class=\"elementor-section elementor-top-section elementor-element elementor-element-085dee4 elementor-section-boxed elementor-section-height-default elementor-section-height-default\" data-id=\"085dee4\" data-element_type=\"section\" data-e-type=\"section\"><div class=\"elementor-container elementor-column-gap-default\"><div class=\"elementor-column elementor-col-50 elementor-top-column elementor-element elementor-element-fd354a9\" data-id=\"fd354a9\" data-element_type=\"column\" data-e-type=\"column\"><div class=\"elementor-widget-wrap elementor-element-populated\"><div class=\"elementor-element elementor-element-056f65c elementor-widget elementor-widget-text-editor\" data-id=\"056f65c\" data-element_type=\"widget\" data-e-type=\"widget\" data-widget_type=\"text-editor.default\"><div class=\"elementor-widget-container\"><p>Avantage membres ASFM : les membres de l\u2019association b\u00e9n\u00e9ficient d\u2019un rabais de 10 % sur l\u2019achat du dispositif m\u00e9dical.<\/p><p><a href=\"https:\/\/innovmd.ch\/\">Mehr erfahren \u2192.<\/a><\/p><\/div><\/div><\/div><\/div><\/div><\/section>\t\t\t\t\t\t\t\t<\/div>\n\t\t\t\t<\/div>\n\t\t\t\t\t<\/div>\n\t\t<\/div>\n\t\t\t\t\t<\/div>\n\t\t<\/section>\n\t\t\t\t<\/div>","protected":false},"excerpt":{"rendered":"<p>Freiburg: Aubert Chantal<\/p>","protected":false},"author":569,"featured_media":9318,"comment_status":"open","ping_status":"open","sticky":false,"template":"","format":"standard","meta":{"footnotes":""},"categories":[224,215],"tags":[],"class_list":["post-9604","post","type-post","status-publish","format-standard","has-post-thumbnail","hentry","category-fribourg","category-therapeutes"],"publishpress_future_action":{"enabled":false,"date":"2026-05-09 06:31:50","action":"change-status","newStatus":"draft","terms":[],"taxonomy":"category","extraData":[]},"publishpress_future_workflow_manual_trigger":{"enabledWorkflows":[]},"_links":{"self":[{"href":"https:\/\/suisse-fibromyalgie.ch\/de\/wp-json\/wp\/v2\/posts\/9604","targetHints":{"allow":["GET"]}}],"collection":[{"href":"https:\/\/suisse-fibromyalgie.ch\/de\/wp-json\/wp\/v2\/posts"}],"about":[{"href":"https:\/\/suisse-fibromyalgie.ch\/de\/wp-json\/wp\/v2\/types\/post"}],"author":[{"embeddable":true,"href":"https:\/\/suisse-fibromyalgie.ch\/de\/wp-json\/wp\/v2\/users\/569"}],"replies":[{"embeddable":true,"href":"https:\/\/suisse-fibromyalgie.ch\/de\/wp-json\/wp\/v2\/comments?post=9604"}],"version-history":[{"count":4,"href":"https:\/\/suisse-fibromyalgie.ch\/de\/wp-json\/wp\/v2\/posts\/9604\/revisions"}],"predecessor-version":[{"id":9609,"href":"https:\/\/suisse-fibromyalgie.ch\/de\/wp-json\/wp\/v2\/posts\/9604\/revisions\/9609"}],"wp:featuredmedia":[{"embeddable":true,"href":"https:\/\/suisse-fibromyalgie.ch\/de\/wp-json\/wp\/v2\/media\/9318"}],"wp:attachment":[{"href":"https:\/\/suisse-fibromyalgie.ch\/de\/wp-json\/wp\/v2\/media?parent=9604"}],"wp:term":[{"taxonomy":"category","embeddable":true,"href":"https:\/\/suisse-fibromyalgie.ch\/de\/wp-json\/wp\/v2\/categories?post=9604"},{"taxonomy":"post_tag","embeddable":true,"href":"https:\/\/suisse-fibromyalgie.ch\/de\/wp-json\/wp\/v2\/tags?post=9604"}],"curies":[{"name":"wp","href":"https:\/\/api.w.org\/{rel}","templated":true}]}}