{"id":9537,"date":"2026-05-01T16:02:24","date_gmt":"2026-05-01T14:02:24","guid":{"rendered":"https:\/\/suisse-fibromyalgie.ch\/?p=9537"},"modified":"2026-05-01T16:20:19","modified_gmt":"2026-05-01T14:20:19","slug":"photobiomodulation-et-fibromyalgie","status":"publish","type":"post","link":"https:\/\/suisse-fibromyalgie.ch\/de\/photobiomodulation-et-fibromyalgie\/","title":{"rendered":"Photobiomodulation und Fibromyalgie"},"content":{"rendered":"<div data-elementor-type=\"wp-post\" data-elementor-id=\"9537\" class=\"elementor elementor-9537\" data-elementor-post-type=\"post\">\n\t\t\t\t\t\t<section class=\"elementor-section elementor-top-section elementor-element elementor-element-195c69e0 elementor-section-boxed elementor-section-height-default elementor-section-height-default\" data-id=\"195c69e0\" data-element_type=\"section\" data-e-type=\"section\">\n\t\t\t\t\t\t<div class=\"elementor-container elementor-column-gap-default\">\n\t\t\t\t\t<div class=\"elementor-column elementor-col-100 elementor-top-column elementor-element elementor-element-58ca4af4\" data-id=\"58ca4af4\" data-element_type=\"column\" data-e-type=\"column\">\n\t\t\t<div class=\"elementor-widget-wrap elementor-element-populated\">\n\t\t\t\t\t\t<div class=\"elementor-element elementor-element-45832339 elementor-widget elementor-widget-text-editor\" data-id=\"45832339\" data-element_type=\"widget\" data-e-type=\"widget\" data-widget_type=\"text-editor.default\">\n\t\t\t\t<div class=\"elementor-widget-container\">\n\t\t\t\t\t\t\t\t\t<h4>Cette nouvelle technique non invasive pr\u00e9sente un r\u00e9el int\u00e9r\u00eat pour les multiples plaintes de la fibromyalgie<\/h4><p>La fibromyalgie reste une pathologie complexe, caract\u00e9ris\u00e9e par des douleurs diffuses, une fatigue persistante, des troubles du sommeil et une alt\u00e9ration de la qualit\u00e9 de vie.<br \/>Face aux limites des traitements classiques, de nouvelles approches \u00e9mergent, dont la photobiomodulation.<\/p><h1><strong>Was ist Photobiomodulation?<\/strong><\/h1><p>La photobiomodulation (PBM), anciennement appel\u00e9e <strong>th\u00e9rapie laser de basse intensit\u00e9<\/strong>, utilise des lumi\u00e8res rouges ou infrarouges pour stimuler les cellules.<\/p><p>\ud83d\udc49 Contrairement aux lasers chirurgicaux, elle n\u2019est ni invasive ni destructive.<br \/>\ud83d\udc49 Elle agit directement au niveau cellulaire, notamment sur les mitochondries.<\/p>\t\t\t\t\t\t\t\t<\/div>\n\t\t\t\t<\/div>\n\t\t\t\t\t<\/div>\n\t\t<\/div>\n\t\t\t\t\t<\/div>\n\t\t<\/section>\n\t\t\t\t<section class=\"elementor-section elementor-top-section elementor-element elementor-element-01b82e6 elementor-section-boxed elementor-section-height-default elementor-section-height-default\" data-id=\"01b82e6\" data-element_type=\"section\" data-e-type=\"section\">\n\t\t\t\t\t\t<div class=\"elementor-container elementor-column-gap-default\">\n\t\t\t\t\t<div class=\"elementor-column elementor-col-66 elementor-top-column elementor-element elementor-element-86027d9\" data-id=\"86027d9\" data-element_type=\"column\" data-e-type=\"column\">\n\t\t\t<div class=\"elementor-widget-wrap elementor-element-populated\">\n\t\t\t\t\t\t<div class=\"elementor-element elementor-element-ad06911 elementor-widget elementor-widget-text-editor\" data-id=\"ad06911\" data-element_type=\"widget\" data-e-type=\"widget\" data-widget_type=\"text-editor.default\">\n\t\t\t\t<div class=\"elementor-widget-container\">\n\t\t\t\t\t\t\t\t\t<h1><strong>M<\/strong><strong>\u00e9<\/strong><strong>canisme d<\/strong><strong>\u2019<\/strong><strong>action : une approche cellulaire<\/strong><\/h1><p>La PBM agit principalement sur :<\/p><h3><strong>Les mitochondries<\/strong><\/h3><p>Elle stimule la production d\u2019ATP (\u00e9nergie cellulaire), am\u00e9liorant le fonctionnement des cellules musculaires et nerveuses.<\/p><h3><strong>L<\/strong><strong>\u2019inflammation<\/strong><\/h3><p>Elle diminue les m\u00e9diateurs inflammatoires impliqu\u00e9s dans les douleurs chroniques.<\/p><h3><strong>Le stress oxydatif<\/strong><\/h3><p>Elle r\u00e9duit les radicaux libres, souvent \u00e9lev\u00e9s chez les patients fibromyalgiques.<\/p><h1><strong>Un impact direct sur les sympt\u00f4mes\u00a0<\/strong><\/h1><h3><strong>Douleurs diffuses<\/strong><\/h3><p>La PBM a montr\u00e9 une r\u00e9duction significative des douleurs musculaires et articulaires.<\/p><h3><strong>Schlafst\u00f6rungen<\/strong><\/h3><p>En modulant le syst\u00e8me nerveux, elle contribue \u00e0 am\u00e9liorer la qualit\u00e9 du sommeil.<\/p><h3><strong>Chronische M\u00fcdigkeit<\/strong><\/h3><p>En am\u00e9liorant la production d\u2019\u00e9nergie cellulaire, elle aide \u00e0 r\u00e9duire la fatigue persistante.<\/p><h3><strong>Stress et anxi\u00e9t\u00e9<\/strong><\/h3><p>Elle a un effet r\u00e9gulateur sur le syst\u00e8me nerveux autonome.<\/p>\t\t\t\t\t\t\t\t<\/div>\n\t\t\t\t<\/div>\n\t\t\t\t\t<\/div>\n\t\t<\/div>\n\t\t\t\t<div class=\"elementor-column elementor-col-33 elementor-top-column elementor-element elementor-element-25b2330\" data-id=\"25b2330\" data-element_type=\"column\" data-e-type=\"column\">\n\t\t\t<div class=\"elementor-widget-wrap elementor-element-populated\">\n\t\t\t\t\t\t<div class=\"elementor-element elementor-element-0f21a34 elementor-widget elementor-widget-image\" data-id=\"0f21a34\" data-element_type=\"widget\" data-e-type=\"widget\" data-widget_type=\"image.default\">\n\t\t\t\t<div class=\"elementor-widget-container\">\n\t\t\t\t\t\t\t\t\t\t\t\t\t\t\t<img fetchpriority=\"high\" decoding=\"async\" width=\"800\" height=\"1000\" src=\"https:\/\/suisse-fibromyalgie.ch\/wp-content\/uploads\/PBM-819x1024.png\" class=\"attachment-large size-large wp-image-9544\" alt=\"\" srcset=\"https:\/\/suisse-fibromyalgie.ch\/wp-content\/uploads\/PBM-819x1024.png 819w, https:\/\/suisse-fibromyalgie.ch\/wp-content\/uploads\/PBM-240x300.png 240w, https:\/\/suisse-fibromyalgie.ch\/wp-content\/uploads\/PBM-768x960.png 768w, https:\/\/suisse-fibromyalgie.ch\/wp-content\/uploads\/PBM-10x12.png 10w, https:\/\/suisse-fibromyalgie.ch\/wp-content\/uploads\/PBM.png 1122w\" sizes=\"(max-width: 800px) 100vw, 800px\" \/>\t\t\t\t\t\t\t\t\t\t\t\t\t\t\t<\/div>\n\t\t\t\t<\/div>\n\t\t\t\t\t<\/div>\n\t\t<\/div>\n\t\t\t\t\t<\/div>\n\t\t<\/section>\n\t\t\t\t<section class=\"elementor-section elementor-top-section elementor-element elementor-element-9ba198d elementor-section-boxed elementor-section-height-default elementor-section-height-default\" data-id=\"9ba198d\" data-element_type=\"section\" data-e-type=\"section\">\n\t\t\t\t\t\t<div class=\"elementor-container elementor-column-gap-default\">\n\t\t\t\t\t<div class=\"elementor-column elementor-col-100 elementor-top-column elementor-element elementor-element-5193cd7\" data-id=\"5193cd7\" data-element_type=\"column\" data-e-type=\"column\">\n\t\t\t<div class=\"elementor-widget-wrap elementor-element-populated\">\n\t\t\t\t\t\t<div class=\"elementor-element elementor-element-46c35eb elementor-widget elementor-widget-text-editor\" data-id=\"46c35eb\" data-element_type=\"widget\" data-e-type=\"widget\" data-widget_type=\"text-editor.default\">\n\t\t\t\t<div class=\"elementor-widget-container\">\n\t\t\t\t\t\t\t\t\t<h1><strong>Ce que dit la science<\/strong><\/h1><p>Plusieurs \u00e9tudes cliniques montrent que la photobiomodulation :<\/p><p>\u2714 diminue l\u2019intensit\u00e9 de la douleur<br \/>\u2714 am\u00e9liore la qualit\u00e9 de vie<br \/>\u2714 r\u00e9duit la fatigue<br \/>\u2714 am\u00e9liore les fonctions cognitives<\/p><p>\ud83d\udc49 Elle est aujourd\u2019hui consid\u00e9r\u00e9e comme une approche compl\u00e9mentaire prometteuse dans la prise en charge de la fibromyalgie.<\/p><h1><strong>Pourquoi cette approche est particuli\u00e8rement int\u00e9ressante ?<\/strong><\/h1><p>Contrairement aux traitements uniquement symptomatiques :<\/p><p>\ud83d\udc49 la photobiomodulation agit <strong>en profondeur sur les m\u00e9canismes physiopathologiques<\/strong> :<\/p><ul><li>Dysfonction mitochondriale<\/li><li>Inflammation chronique<\/li><li>D\u00e9r\u00e9gulation neuro-sensorielle<\/li><\/ul><h1><strong>Une approche compl<\/strong><strong>\u00e9<\/strong><strong>mentaire, pas exclusive<\/strong><\/h1><p>La PBM est d\u2019autant plus efficace lorsqu\u2019elle est int\u00e9gr\u00e9e dans une prise en charge globale :<\/p><ul><li>Nutrition anti-inflammatoire<\/li><li>Gestion du stress<\/li><li>Activit\u00e9 physique adapt\u00e9e<\/li><li>Optimisation du sommeil<\/li><\/ul><h1><strong>Schlussfolgerung<\/strong><\/h1><p>La photobiomodulation repr\u00e9sente une avanc\u00e9e int\u00e9ressante dans la prise en charge de la fibromyalgie.<\/p><p>\ud83d\udc49 Non invasive, bien tol\u00e9r\u00e9e et scientifiquement soutenue,<br \/>elle offre une <strong>nouvelle perspective th\u00e9rapeutique centr\u00e9e sur le fonctionnement cellulaire<\/strong>.<\/p><p>Dans une approche int\u00e9grative, elle peut contribuer \u00e0 :<\/p><p>\u2714 r\u00e9duire les douleurs<br \/>\u2714 am\u00e9liorer l\u2019\u00e9nergie<br \/>\u2714 restaurer une meilleure qualit\u00e9 de vie<\/p>\t\t\t\t\t\t\t\t<\/div>\n\t\t\t\t<\/div>\n\t\t\t\t\t<\/div>\n\t\t<\/div>\n\t\t\t\t\t<\/div>\n\t\t<\/section>\n\t\t\t\t<\/div>","protected":false},"excerpt":{"rendered":"<p>Cette nouvelle technique non invasive pr\u00e9sente un r\u00e9el int\u00e9r\u00eat pour les multiples plaintes de la fibromyalgie La fibromyalgie reste une pathologie complexe, caract\u00e9ris\u00e9e par des douleurs diffuses, une fatigue persistante, [&hellip;]<\/p>\n","protected":false},"author":569,"featured_media":9542,"comment_status":"open","ping_status":"open","sticky":false,"template":"","format":"standard","meta":{"footnotes":""},"categories":[219],"tags":[],"class_list":["post-9537","post","type-post","status-publish","format-standard","has-post-thumbnail","hentry","category-informations-medicales"],"publishpress_future_action":{"enabled":false,"date":"2026-05-09 13:42:44","action":"change-status","newStatus":"draft","terms":[],"taxonomy":"category","extraData":[]},"publishpress_future_workflow_manual_trigger":{"enabledWorkflows":[]},"_links":{"self":[{"href":"https:\/\/suisse-fibromyalgie.ch\/de\/wp-json\/wp\/v2\/posts\/9537","targetHints":{"allow":["GET"]}}],"collection":[{"href":"https:\/\/suisse-fibromyalgie.ch\/de\/wp-json\/wp\/v2\/posts"}],"about":[{"href":"https:\/\/suisse-fibromyalgie.ch\/de\/wp-json\/wp\/v2\/types\/post"}],"author":[{"embeddable":true,"href":"https:\/\/suisse-fibromyalgie.ch\/de\/wp-json\/wp\/v2\/users\/569"}],"replies":[{"embeddable":true,"href":"https:\/\/suisse-fibromyalgie.ch\/de\/wp-json\/wp\/v2\/comments?post=9537"}],"version-history":[{"count":7,"href":"https:\/\/suisse-fibromyalgie.ch\/de\/wp-json\/wp\/v2\/posts\/9537\/revisions"}],"predecessor-version":[{"id":9547,"href":"https:\/\/suisse-fibromyalgie.ch\/de\/wp-json\/wp\/v2\/posts\/9537\/revisions\/9547"}],"wp:featuredmedia":[{"embeddable":true,"href":"https:\/\/suisse-fibromyalgie.ch\/de\/wp-json\/wp\/v2\/media\/9542"}],"wp:attachment":[{"href":"https:\/\/suisse-fibromyalgie.ch\/de\/wp-json\/wp\/v2\/media?parent=9537"}],"wp:term":[{"taxonomy":"category","embeddable":true,"href":"https:\/\/suisse-fibromyalgie.ch\/de\/wp-json\/wp\/v2\/categories?post=9537"},{"taxonomy":"post_tag","embeddable":true,"href":"https:\/\/suisse-fibromyalgie.ch\/de\/wp-json\/wp\/v2\/tags?post=9537"}],"curies":[{"name":"wp","href":"https:\/\/api.w.org\/{rel}","templated":true}]}}