{"id":4382,"date":"2023-09-21T14:39:23","date_gmt":"2023-09-21T12:39:23","guid":{"rendered":"https:\/\/suisse-fibromyalgie.ch\/?p=4382"},"modified":"2025-01-11T14:08:36","modified_gmt":"2025-01-11T13:08:36","slug":"ligue-suisse-contre-le-rhumatisme-podcast-rhumatismes-rares-les-defis-detablir-un-diagnostic","status":"publish","type":"post","link":"https:\/\/suisse-fibromyalgie.ch\/de\/ligue-suisse-contre-le-rhumatisme-podcast-rhumatismes-rares-les-defis-detablir-un-diagnostic\/","title":{"rendered":"Rheumaliga Schweiz - Podcast: Seltene Rheumaerkrankungen - die Herausforderungen der Diagnosestellung"},"content":{"rendered":"<div data-elementor-type=\"wp-post\" data-elementor-id=\"4382\" class=\"elementor elementor-4382\" data-elementor-post-type=\"post\">\n\t\t\t\t\t\t<section class=\"elementor-section elementor-top-section elementor-element elementor-element-2e5e309b elementor-section-boxed elementor-section-height-default elementor-section-height-default\" data-id=\"2e5e309b\" data-element_type=\"section\" data-e-type=\"section\">\n\t\t\t\t\t\t<div class=\"elementor-container elementor-column-gap-default\">\n\t\t\t\t\t<div class=\"elementor-column elementor-col-100 elementor-top-column elementor-element elementor-element-5d9377f5\" data-id=\"5d9377f5\" data-element_type=\"column\" data-e-type=\"column\">\n\t\t\t<div class=\"elementor-widget-wrap elementor-element-populated\">\n\t\t\t\t\t\t<div class=\"elementor-element elementor-element-13d2f4e2 elementor-widget elementor-widget-text-editor\" data-id=\"13d2f4e2\" data-element_type=\"widget\" data-e-type=\"widget\" data-widget_type=\"text-editor.default\">\n\t\t\t\t<div class=\"elementor-widget-container\">\n\t\t\t\t\t\t\t\t\t<p>In dieser Folge sprechen Myriam Schaller, die mit einer seltenen rheumatischen Erkrankung lebt, und Charlotte Girard, Rheumatologin und Klinikchefin am Universit\u00e4tsspital Genf (HUG), \u00fcber das Thema seltene Rheumaerkrankungen. Myriam leidet an systemischem Lupus erythematodes, einer entz\u00fcndlichen rheumatischen Autoimmunkrankheit, von der in der Schweiz nur 2400 Menschen betroffen sind. Zu zweit kreuzen sie ihre Blicke als Patientin und \u00c4rztin \u00fcber die Zeit der Diagnosestellung, die Behandlungen und die Ver\u00e4nderungen, die im Leben eines Menschen mit Rheuma notwendig sind.<\/p><h5 id=\"toc_3707653\">Jetzt anh\u00f6ren und abonnieren, indem Sie auf den untenstehenden Link klicken:<\/h5><p><a href=\"https:\/\/www.ligues-rhumatisme.ch\/blog\/2023\/podcast-rhumatismes-rares-les-defis-detablir-un-diagnostic?utm_campaign=RheumaNews-2023-08&amp;utm_source=NEW&amp;utm_term=RheumaNews%20Teaser-2023-08&amp;utm_content=link5&amp;utm_medium=organic&amp;targeting_type=NEW&amp;lan=FR\" target=\"_blank\" rel=\"noopener\">Podcast: Seltene rheumatische Erkrankungen - Herausforderungen bei der Diagnose<\/a><\/p>\t\t\t\t\t\t\t\t<\/div>\n\t\t\t\t<\/div>\n\t\t\t\t\t<\/div>\n\t\t<\/div>\n\t\t\t\t\t<\/div>\n\t\t<\/section>\n\t\t\t\t<\/div>","protected":false},"excerpt":{"rendered":"<p>Dans cet \u00e9pisode, Myriam Schaller, qui vit avec une maladie rhumatismale rare, et Charlotte Girard, rhumatologue et cheffe de clinique aux H\u00f4pitaux universitaires de Gen\u00e8ve (HUG) abordent le sujet des [&hellip;]<\/p>\n","protected":false},"author":1,"featured_media":4383,"comment_status":"open","ping_status":"open","sticky":false,"template":"","format":"standard","meta":{"footnotes":""},"categories":[220],"tags":[],"class_list":["post-4382","post","type-post","status-publish","format-standard","has-post-thumbnail","hentry","category-informations"],"publishpress_future_action":{"enabled":false,"date":"2026-05-06 09:32:58","action":"change-status","newStatus":"draft","terms":[],"taxonomy":"category","extraData":[]},"publishpress_future_workflow_manual_trigger":{"enabledWorkflows":[]},"_links":{"self":[{"href":"https:\/\/suisse-fibromyalgie.ch\/de\/wp-json\/wp\/v2\/posts\/4382","targetHints":{"allow":["GET"]}}],"collection":[{"href":"https:\/\/suisse-fibromyalgie.ch\/de\/wp-json\/wp\/v2\/posts"}],"about":[{"href":"https:\/\/suisse-fibromyalgie.ch\/de\/wp-json\/wp\/v2\/types\/post"}],"author":[{"embeddable":true,"href":"https:\/\/suisse-fibromyalgie.ch\/de\/wp-json\/wp\/v2\/users\/1"}],"replies":[{"embeddable":true,"href":"https:\/\/suisse-fibromyalgie.ch\/de\/wp-json\/wp\/v2\/comments?post=4382"}],"version-history":[{"count":1,"href":"https:\/\/suisse-fibromyalgie.ch\/de\/wp-json\/wp\/v2\/posts\/4382\/revisions"}],"predecessor-version":[{"id":7482,"href":"https:\/\/suisse-fibromyalgie.ch\/de\/wp-json\/wp\/v2\/posts\/4382\/revisions\/7482"}],"wp:featuredmedia":[{"embeddable":true,"href":"https:\/\/suisse-fibromyalgie.ch\/de\/wp-json\/wp\/v2\/media\/4383"}],"wp:attachment":[{"href":"https:\/\/suisse-fibromyalgie.ch\/de\/wp-json\/wp\/v2\/media?parent=4382"}],"wp:term":[{"taxonomy":"category","embeddable":true,"href":"https:\/\/suisse-fibromyalgie.ch\/de\/wp-json\/wp\/v2\/categories?post=4382"},{"taxonomy":"post_tag","embeddable":true,"href":"https:\/\/suisse-fibromyalgie.ch\/de\/wp-json\/wp\/v2\/tags?post=4382"}],"curies":[{"name":"wp","href":"https:\/\/api.w.org\/{rel}","templated":true}]}}