{"id":1208,"date":"2021-02-25T00:00:00","date_gmt":"2021-02-24T23:00:00","guid":{"rendered":"http:\/\/wordpress\/2021\/02\/25\/ligue-vaudoise-contre-les-rhumatismes-programme-des-cours-2021\/"},"modified":"2024-07-19T17:11:27","modified_gmt":"2024-07-19T15:11:27","slug":"ligue-vaudoise-contre-les-rhumatismes-programme-des-cours-2021","status":"publish","type":"post","link":"https:\/\/suisse-fibromyalgie.ch\/de\/ligue-vaudoise-contre-les-rhumatismes-programme-des-cours-2021\/","title":{"rendered":"Ligue vaudoise contre les rumatismes - Kursprogramm 2024-2025"},"content":{"rendered":"<div data-elementor-type=\"wp-post\" data-elementor-id=\"1208\" class=\"elementor elementor-1208\" data-elementor-post-type=\"post\">\n\t\t\t\t\t\t<section class=\"elementor-section elementor-top-section elementor-element elementor-element-2e5e309b elementor-section-boxed elementor-section-height-default elementor-section-height-default\" data-id=\"2e5e309b\" data-element_type=\"section\" data-e-type=\"section\">\n\t\t\t\t\t\t<div class=\"elementor-container elementor-column-gap-default\">\n\t\t\t\t\t<div class=\"elementor-column elementor-col-100 elementor-top-column elementor-element elementor-element-5d9377f5\" data-id=\"5d9377f5\" data-element_type=\"column\" data-e-type=\"column\">\n\t\t\t<div class=\"elementor-widget-wrap elementor-element-populated\">\n\t\t\t\t\t\t<div class=\"elementor-element elementor-element-13d2f4e2 elementor-widget elementor-widget-text-editor\" data-id=\"13d2f4e2\" data-element_type=\"widget\" data-e-type=\"widget\" data-widget_type=\"text-editor.default\">\n\t\t\t\t<div class=\"elementor-widget-container\">\n\t\t\t\t\t\t\t\t\t<p>Unser neues Kurs- und Leistungsprogramm ist verf\u00fcgbar und enth\u00e4lt ein neues Kursangebot in verschiedenen Orten des Kantons: Gesundheit durch K\u00e4lte - Selbstvertrauen gewinnen, um unabh\u00e4ngig zu bleiben - Active Backademy - Aquawell - Aquacura - Yoga - Lombosport - Seniorenrhythmik - Bodengymnastik - Pilates.<\/p><p>Anmeldungen mit dem Anmeldeformular auf der letzten Seite des Programms.<\/p><p><strong><a href=\"https:\/\/www.ligues-rhumatisme.ch\/vd\/documentation\/produit\/programme-des-cours\" target=\"_blank\" rel=\"noopener\">Bestellen Sie das neue kostenlose Programm<\/a>\u00a0per E-Mail: info@lvr.ch<\/strong><br \/>oder unter 021 623 37 07<\/p><p>Alle Informationen dazu finden Sie unter folgendem Link:<\/p><p><a href=\"https:\/\/www.ligues-rhumatisme.ch\/vd\/blog\/2022\/programme-des-cours-et-prestations-2022-2023\" target=\"_blank\" rel=\"noopener\">https:\/\/www.ligues-rhumatisme.ch\/vd\/prestations-et-cours<\/a><\/p>\t\t\t\t\t\t\t\t<\/div>\n\t\t\t\t<\/div>\n\t\t\t\t\t<\/div>\n\t\t<\/div>\n\t\t\t\t\t<\/div>\n\t\t<\/section>\n\t\t\t\t<\/div>","protected":false},"excerpt":{"rendered":"<p>Notre nouveau programme des cours et prestations est disponible et contient une nouvelle offre de cours dans diverses localit\u00e9s du canton : La sant\u00e9 par le froid &#8211; Prendre confiance, [&hellip;]<\/p>\n","protected":false},"author":1,"featured_media":3194,"comment_status":"open","ping_status":"open","sticky":false,"template":"","format":"standard","meta":{"footnotes":""},"categories":[38],"tags":[],"class_list":["post-1208","post","type-post","status-publish","format-standard","has-post-thumbnail","hentry","category-association"],"publishpress_future_action":{"enabled":false,"date":"2026-05-09 10:46:58","action":"change-status","newStatus":"draft","terms":[],"taxonomy":"category","extraData":[]},"publishpress_future_workflow_manual_trigger":{"enabledWorkflows":[]},"_links":{"self":[{"href":"https:\/\/suisse-fibromyalgie.ch\/de\/wp-json\/wp\/v2\/posts\/1208","targetHints":{"allow":["GET"]}}],"collection":[{"href":"https:\/\/suisse-fibromyalgie.ch\/de\/wp-json\/wp\/v2\/posts"}],"about":[{"href":"https:\/\/suisse-fibromyalgie.ch\/de\/wp-json\/wp\/v2\/types\/post"}],"author":[{"embeddable":true,"href":"https:\/\/suisse-fibromyalgie.ch\/de\/wp-json\/wp\/v2\/users\/1"}],"replies":[{"embeddable":true,"href":"https:\/\/suisse-fibromyalgie.ch\/de\/wp-json\/wp\/v2\/comments?post=1208"}],"version-history":[{"count":0,"href":"https:\/\/suisse-fibromyalgie.ch\/de\/wp-json\/wp\/v2\/posts\/1208\/revisions"}],"wp:featuredmedia":[{"embeddable":true,"href":"https:\/\/suisse-fibromyalgie.ch\/de\/wp-json\/wp\/v2\/media\/3194"}],"wp:attachment":[{"href":"https:\/\/suisse-fibromyalgie.ch\/de\/wp-json\/wp\/v2\/media?parent=1208"}],"wp:term":[{"taxonomy":"category","embeddable":true,"href":"https:\/\/suisse-fibromyalgie.ch\/de\/wp-json\/wp\/v2\/categories?post=1208"},{"taxonomy":"post_tag","embeddable":true,"href":"https:\/\/suisse-fibromyalgie.ch\/de\/wp-json\/wp\/v2\/tags?post=1208"}],"curies":[{"name":"wp","href":"https:\/\/api.w.org\/{rel}","templated":true}]}}