{"id":9255,"global_id":"suisse-fibromyalgie.ch\/it?id=9255","global_id_lineage":["suisse-fibromyalgie.ch\/it?id=9255"],"author":"1","status":"publish","date":"2026-03-17 17:00:46","date_utc":"2026-03-17 16:00:46","modified":"2026-03-17 17:00:46","modified_utc":"2026-03-17 16:00:46","url":"http:\/\/suisse-fibromyalgie.ch\/it\/evenement\/atelier-se-connecter-a-son-coeur-3\/","rest_url":"http:\/\/suisse-fibromyalgie.ch\/it\/wp-json\/tribe\/events\/v1\/events\/9255","title":"Atelier \u00ab\u00a0Se connecter \u00e0 son coeur\u00a0\u00bb","description":"<p><img fetchpriority=\"high\" decoding=\"async\" class=\"alignnone wp-image-9256 size-full\" src=\"https:\/\/suisse-fibromyalgie.ch\/wp-content\/uploads\/flyer-texte-et-collage-se-connecter-a-son-coeur-4.jpg\" alt=\"\" width=\"1754\" height=\"1240\" srcset=\"https:\/\/suisse-fibromyalgie.ch\/wp-content\/uploads\/flyer-texte-et-collage-se-connecter-a-son-coeur-4.jpg 1754w, https:\/\/suisse-fibromyalgie.ch\/wp-content\/uploads\/flyer-texte-et-collage-se-connecter-a-son-coeur-4-300x212.jpg 300w, https:\/\/suisse-fibromyalgie.ch\/wp-content\/uploads\/flyer-texte-et-collage-se-connecter-a-son-coeur-4-1024x724.jpg 1024w, https:\/\/suisse-fibromyalgie.ch\/wp-content\/uploads\/flyer-texte-et-collage-se-connecter-a-son-coeur-4-768x543.jpg 768w, https:\/\/suisse-fibromyalgie.ch\/wp-content\/uploads\/flyer-texte-et-collage-se-connecter-a-son-coeur-4-1536x1086.jpg 1536w, https:\/\/suisse-fibromyalgie.ch\/wp-content\/uploads\/flyer-texte-et-collage-se-connecter-a-son-coeur-4-18x12.jpg 18w\" sizes=\"(max-width: 1754px) 100vw, 1754px\" \/><\/p>\n<p>Pour t\u00e9l\u00e9charger le flyer au format PDF, cliquez sur le lien ci-dessous :<\/p>\n<p><a href=\"https:\/\/suisse-fibromyalgie.ch\/wp-content\/uploads\/flyer-texte-et-collage-se-connecter-a-son-coeur-5.pdf\" target=\"_blank\" rel=\"noopener\">Flyer se connecter \u00e0 son c\u0153ur<\/a><\/p>\n<p>Pour t\u00e9l\u00e9charger le bulletin d&rsquo;inscription au format PDF, cliquez sur le lien ci-dessous :<\/p>\n<p><a href=\"https:\/\/suisse-fibromyalgie.ch\/wp-content\/uploads\/Bulletin-dinscription-atelier-1.pdf\" target=\"_blank\" rel=\"noopener\">Bulletin d&rsquo;inscription atelier<\/a><\/p>","excerpt":"","slug":"atelier-se-connecter-a-son-coeur-3","image":false,"all_day":false,"start_date":"2026-10-31 10:00:00","start_date_details":{"year":"2026","month":"10","day":"31","hour":"10","minutes":"00","seconds":"00"},"end_date":"2026-10-31 12:30:00","end_date_details":{"year":"2026","month":"10","day":"31","hour":"12","minutes":"30","seconds":"00"},"utc_start_date":"2026-10-31 09:00:00","utc_start_date_details":{"year":"2026","month":"10","day":"31","hour":"09","minutes":"00","seconds":"00"},"utc_end_date":"2026-10-31 11:30:00","utc_end_date_details":{"year":"2026","month":"10","day":"31","hour":"11","minutes":"30","seconds":"00"},"timezone":"Europe\/Zurich","timezone_abbr":"CET","cost":"CHF 15","cost_details":{"currency_symbol":"CHF ","currency_code":"","currency_position":"prefix","values":["15"]},"website":"","show_map":true,"show_map_link":false,"hide_from_listings":false,"sticky":false,"featured":false,"categories":[],"tags":[],"venue":{"id":6776,"author":"1","status":"publish","date":"2024-11-11 20:05:39","date_utc":"2024-11-11 19:05:39","modified":"2024-11-11 20:05:39","modified_utc":"2024-11-11 19:05:39","url":"http:\/\/suisse-fibromyalgie.ch\/it\/luogo\/centre-etre-harmonie\/","venue":"Centre Etre Harmonie","slug":"centre-etre-harmonie","address":"Rue de la Poste 1","city":"Martigny","country":"Switzerland","province":"Valais","zip":"1920","stateprovince":"Valais","json_ld":{"@type":"Place","name":"Centre Etre Harmonie","description":"","url":"","address":{"@type":"PostalAddress","streetAddress":"Rue de la Poste 1","addressLocality":"Martigny","addressRegion":"Valais","postalCode":"1920","addressCountry":"Switzerland"},"telephone":"","sameAs":""},"show_map":false,"show_map_link":false,"global_id":"suisse-fibromyalgie.ch\/it?id=6776","global_id_lineage":["suisse-fibromyalgie.ch\/it?id=6776"]},"organizer":[{"id":2316,"author":"1","status":"publish","date":"2021-07-08 18:05:11","date_utc":"2021-07-08 16:05:11","modified":"2021-07-08 18:05:11","modified_utc":"2021-07-08 16:05:11","url":"http:\/\/suisse-fibromyalgie.ch\/it\/organizzatore\/asfm\/","organizer":"ASFM","slug":"asfm","phone":"024 425 95 75","website":"https:\/\/suisse-fibromyalgie.ch","email":"info@suisse-fibromyalgie.ch","json_ld":{"@type":"Person","name":"ASFM","description":"","url":"https:\/\/suisse-fibromyalgie.ch","telephone":"024 425 95 75","email":"i&#110;&#102;&#111;&#64;&#115;uisse&#45;fi&#98;&#114;&#111;&#109;&#121;&#97;lg&#105;e&#46;&#99;&#104;","sameAs":"https:\/\/suisse-fibromyalgie.ch"},"global_id":"suisse-fibromyalgie.ch\/it?id=2316","global_id_lineage":["suisse-fibromyalgie.ch\/it?id=2316"]}],"custom_fields":[],"json_ld":{"@context":"http:\/\/schema.org","@type":"Event","name":"Atelier \u00ab\u00a0Se connecter \u00e0 son coeur\u00a0\u00bb","description":"&lt;p&gt;Pour t\u00e9l\u00e9charger le flyer au format PDF, cliquez sur le lien ci-dessous : Flyer se connecter \u00e0 son c\u0153ur Pour t\u00e9l\u00e9charger le bulletin d\\'inscription au format PDF, cliquez sur le [&hellip;]&lt;\/p&gt;\\n","url":"http:\/\/suisse-fibromyalgie.ch\/it\/evenement\/atelier-se-connecter-a-son-coeur-3\/","eventAttendanceMode":"https:\/\/schema.org\/OfflineEventAttendanceMode","eventStatus":"https:\/\/schema.org\/EventScheduled","startDate":"2026-10-31T10:00:00+01:00","endDate":"2026-10-31T12:30:00+01:00","location":{"@type":"Place","name":"Centre Etre Harmonie","description":"","url":"","address":{"@type":"PostalAddress","streetAddress":"Rue de la Poste 1","addressLocality":"Martigny","addressRegion":"Valais","postalCode":"1920","addressCountry":"Switzerland"},"telephone":"","sameAs":""},"organizer":{"@type":"Person","name":"ASFM","description":"","url":"https:\/\/suisse-fibromyalgie.ch","telephone":"024 425 95 75","email":"i&#110;&#102;o&#64;&#115;&#117;is&#115;&#101;&#45;&#102;&#105;&#98;ro&#109;ya&#108;&#103;&#105;e&#46;c&#104;","sameAs":"https:\/\/suisse-fibromyalgie.ch"},"offers":{"@type":"Offer","price":"15","priceCurrency":"USD","url":"http:\/\/suisse-fibromyalgie.ch\/it\/evenement\/atelier-se-connecter-a-son-coeur-3\/","category":"primary","availability":"inStock","validFrom":"2026-03-17T00:00:00+00:00"},"performer":"Organization"}}