{"id":48,"date":"2020-06-02T08:41:04","date_gmt":"2020-06-02T06:41:04","guid":{"rendered":"http:\/\/wordpress\/2020\/06\/02\/rapport-annuel-2020\/"},"modified":"2025-07-10T15:30:35","modified_gmt":"2025-07-10T13:30:35","slug":"rapport-annuel-2020","status":"publish","type":"post","link":"http:\/\/suisse-fibromyalgie.ch\/fr\/rapport-annuel-2020\/","title":{"rendered":"Rapports annuels de l&rsquo;ASFM"},"content":{"rendered":"\t\t<div data-elementor-type=\"wp-post\" data-elementor-id=\"48\" class=\"elementor elementor-48\" data-elementor-post-type=\"post\">\n\t\t\t\t\t\t<section class=\"elementor-section elementor-top-section elementor-element elementor-element-68b0e5d elementor-section-boxed elementor-section-height-default elementor-section-height-default\" data-id=\"68b0e5d\" data-element_type=\"section\" data-e-type=\"section\">\n\t\t\t\t\t\t<div class=\"elementor-container elementor-column-gap-default\">\n\t\t\t\t\t<div class=\"elementor-column elementor-col-50 elementor-top-column elementor-element elementor-element-3d2f304\" data-id=\"3d2f304\" data-element_type=\"column\" data-e-type=\"column\">\n\t\t\t<div class=\"elementor-widget-wrap elementor-element-populated\">\n\t\t\t\t\t\t<div class=\"elementor-element elementor-element-4b8e955 elementor-widget elementor-widget-image\" data-id=\"4b8e955\" data-element_type=\"widget\" data-e-type=\"widget\" data-widget_type=\"image.default\">\n\t\t\t\t<div class=\"elementor-widget-container\">\n\t\t\t\t\t\t\t\t\t\t\t\t\t\t\t<img fetchpriority=\"high\" decoding=\"async\" width=\"724\" height=\"1024\" src=\"https:\/\/suisse-fibromyalgie.ch\/wp-content\/uploads\/Page-1-724x1024.jpg\" class=\"attachment-large size-large wp-image-8661\" alt=\"\" srcset=\"https:\/\/suisse-fibromyalgie.ch\/wp-content\/uploads\/Page-1-724x1024.jpg 724w, https:\/\/suisse-fibromyalgie.ch\/wp-content\/uploads\/Page-1-212x300.jpg 212w, https:\/\/suisse-fibromyalgie.ch\/wp-content\/uploads\/Page-1-768x1086.jpg 768w, https:\/\/suisse-fibromyalgie.ch\/wp-content\/uploads\/Page-1-1086x1536.jpg 1086w, https:\/\/suisse-fibromyalgie.ch\/wp-content\/uploads\/Page-1-8x12.jpg 8w, https:\/\/suisse-fibromyalgie.ch\/wp-content\/uploads\/Page-1.jpg 1240w\" sizes=\"(max-width: 724px) 100vw, 724px\" \/>\t\t\t\t\t\t\t\t\t\t\t\t\t\t\t<\/div>\n\t\t\t\t<\/div>\n\t\t\t\t\t<\/div>\n\t\t<\/div>\n\t\t\t\t<div class=\"elementor-column elementor-col-50 elementor-top-column elementor-element elementor-element-efe767f\" data-id=\"efe767f\" data-element_type=\"column\" data-e-type=\"column\">\n\t\t\t<div class=\"elementor-widget-wrap elementor-element-populated\">\n\t\t\t\t\t\t<div class=\"elementor-element elementor-element-6de11bf elementor-widget elementor-widget-text-editor\" data-id=\"6de11bf\" data-element_type=\"widget\" data-e-type=\"widget\" data-widget_type=\"text-editor.default\">\n\t\t\t\t<div class=\"elementor-widget-container\">\n\t\t\t\t\t\t\t\t\t<p>Cliquez sur le lien ci-dessous pour t\u00e9l\u00e9charger le rapport en pdf.<\/p><p><a href=\"https:\/\/suisse-fibromyalgie.ch\/wp-content\/uploads\/1_Rapport-annuel-2024_signe_F.pdf\" target=\"_blank\" rel=\"noopener\">Rapport annuel 2024<\/a><\/p>\t\t\t\t\t\t\t\t<\/div>\n\t\t\t\t<\/div>\n\t\t\t\t\t<\/div>\n\t\t<\/div>\n\t\t\t\t\t<\/div>\n\t\t<\/section>\n\t\t\t\t<section class=\"elementor-section elementor-top-section elementor-element elementor-element-8726209 elementor-section-boxed elementor-section-height-default elementor-section-height-default\" data-id=\"8726209\" data-element_type=\"section\" data-e-type=\"section\">\n\t\t\t\t\t\t<div class=\"elementor-container elementor-column-gap-default\">\n\t\t\t\t\t<div class=\"elementor-column elementor-col-100 elementor-top-column elementor-element elementor-element-5b6d8d3\" data-id=\"5b6d8d3\" data-element_type=\"column\" data-e-type=\"column\">\n\t\t\t<div class=\"elementor-widget-wrap elementor-element-populated\">\n\t\t\t\t\t\t<div class=\"elementor-element elementor-element-787f8d3 elementor-widget-divider--view-line elementor-widget elementor-widget-divider\" data-id=\"787f8d3\" data-element_type=\"widget\" data-e-type=\"widget\" data-widget_type=\"divider.default\">\n\t\t\t\t<div class=\"elementor-widget-container\">\n\t\t\t\t\t\t\t<div class=\"elementor-divider\">\n\t\t\t<span class=\"elementor-divider-separator\">\n\t\t\t\t\t\t<\/span>\n\t\t<\/div>\n\t\t\t\t\t\t<\/div>\n\t\t\t\t<\/div>\n\t\t\t\t\t<\/div>\n\t\t<\/div>\n\t\t\t\t\t<\/div>\n\t\t<\/section>\n\t\t\t\t<section class=\"elementor-section elementor-top-section elementor-element elementor-element-8ff8cde elementor-section-boxed elementor-section-height-default elementor-section-height-default\" data-id=\"8ff8cde\" data-element_type=\"section\" data-e-type=\"section\">\n\t\t\t\t\t\t<div class=\"elementor-container elementor-column-gap-default\">\n\t\t\t\t\t<div class=\"elementor-column elementor-col-50 elementor-top-column elementor-element elementor-element-65c1fe7\" data-id=\"65c1fe7\" data-element_type=\"column\" data-e-type=\"column\">\n\t\t\t<div class=\"elementor-widget-wrap elementor-element-populated\">\n\t\t\t\t\t\t<div class=\"elementor-element elementor-element-cd6e95e elementor-widget elementor-widget-image\" data-id=\"cd6e95e\" data-element_type=\"widget\" data-e-type=\"widget\" data-widget_type=\"image.default\">\n\t\t\t\t<div class=\"elementor-widget-container\">\n\t\t\t\t\t\t\t\t\t\t\t\t\t\t\t<img decoding=\"async\" width=\"724\" height=\"1024\" src=\"https:\/\/suisse-fibromyalgie.ch\/wp-content\/uploads\/Rapport-annuel-page-1-724x1024.jpg\" class=\"attachment-large size-large wp-image-5251\" alt=\"\" srcset=\"https:\/\/suisse-fibromyalgie.ch\/wp-content\/uploads\/Rapport-annuel-page-1-724x1024.jpg 724w, https:\/\/suisse-fibromyalgie.ch\/wp-content\/uploads\/Rapport-annuel-page-1-212x300.jpg 212w, https:\/\/suisse-fibromyalgie.ch\/wp-content\/uploads\/Rapport-annuel-page-1-768x1086.jpg 768w, https:\/\/suisse-fibromyalgie.ch\/wp-content\/uploads\/Rapport-annuel-page-1-1086x1536.jpg 1086w, https:\/\/suisse-fibromyalgie.ch\/wp-content\/uploads\/Rapport-annuel-page-1-8x12.jpg 8w, https:\/\/suisse-fibromyalgie.ch\/wp-content\/uploads\/Rapport-annuel-page-1.jpg 1240w\" sizes=\"(max-width: 724px) 100vw, 724px\" \/>\t\t\t\t\t\t\t\t\t\t\t\t\t\t\t<\/div>\n\t\t\t\t<\/div>\n\t\t\t\t\t<\/div>\n\t\t<\/div>\n\t\t\t\t<div class=\"elementor-column elementor-col-50 elementor-top-column elementor-element elementor-element-dc5645c\" data-id=\"dc5645c\" data-element_type=\"column\" data-e-type=\"column\">\n\t\t\t<div class=\"elementor-widget-wrap elementor-element-populated\">\n\t\t\t\t\t\t<div class=\"elementor-element elementor-element-faac52e elementor-widget elementor-widget-text-editor\" data-id=\"faac52e\" data-element_type=\"widget\" data-e-type=\"widget\" data-widget_type=\"text-editor.default\">\n\t\t\t\t<div class=\"elementor-widget-container\">\n\t\t\t\t\t\t\t\t\t<p>Cliquez sur le lien ci-dessous pour t\u00e9l\u00e9charger le rapport en pdf.<\/p><p><a href=\"https:\/\/suisse-fibromyalgie.ch\/wp-content\/uploads\/Rapport-annuel-2023.pdf\" target=\"_blank\" rel=\"noopener\">Rapport annuel 2023<\/a><\/p>\t\t\t\t\t\t\t\t<\/div>\n\t\t\t\t<\/div>\n\t\t\t\t\t<\/div>\n\t\t<\/div>\n\t\t\t\t\t<\/div>\n\t\t<\/section>\n\t\t\t\t<section class=\"elementor-section elementor-top-section elementor-element elementor-element-866a46d elementor-section-boxed elementor-section-height-default elementor-section-height-default\" data-id=\"866a46d\" data-element_type=\"section\" data-e-type=\"section\">\n\t\t\t\t\t\t<div class=\"elementor-container elementor-column-gap-default\">\n\t\t\t\t\t<div class=\"elementor-column elementor-col-50 elementor-top-column elementor-element elementor-element-f4033ff\" data-id=\"f4033ff\" data-element_type=\"column\" data-e-type=\"column\">\n\t\t\t<div class=\"elementor-widget-wrap elementor-element-populated\">\n\t\t\t\t\t\t<div class=\"elementor-element elementor-element-6c8414b elementor-widget elementor-widget-image\" data-id=\"6c8414b\" data-element_type=\"widget\" data-e-type=\"widget\" data-widget_type=\"image.default\">\n\t\t\t\t<div class=\"elementor-widget-container\">\n\t\t\t\t\t\t\t\t\t\t\t\t\t\t\t<img decoding=\"async\" width=\"566\" height=\"801\" src=\"https:\/\/suisse-fibromyalgie.ch\/wp-content\/uploads\/2_Rapport-annuel-2023_pge-1-pr-site_D.jpg\" class=\"attachment-large size-large wp-image-5694\" alt=\"\" srcset=\"https:\/\/suisse-fibromyalgie.ch\/wp-content\/uploads\/2_Rapport-annuel-2023_pge-1-pr-site_D.jpg 566w, https:\/\/suisse-fibromyalgie.ch\/wp-content\/uploads\/2_Rapport-annuel-2023_pge-1-pr-site_D-212x300.jpg 212w, https:\/\/suisse-fibromyalgie.ch\/wp-content\/uploads\/2_Rapport-annuel-2023_pge-1-pr-site_D-8x12.jpg 8w\" sizes=\"(max-width: 566px) 100vw, 566px\" \/>\t\t\t\t\t\t\t\t\t\t\t\t\t\t\t<\/div>\n\t\t\t\t<\/div>\n\t\t\t\t\t<\/div>\n\t\t<\/div>\n\t\t\t\t<div class=\"elementor-column elementor-col-50 elementor-top-column elementor-element elementor-element-2cc1ae9\" data-id=\"2cc1ae9\" data-element_type=\"column\" data-e-type=\"column\">\n\t\t\t<div class=\"elementor-widget-wrap elementor-element-populated\">\n\t\t\t\t\t\t<div class=\"elementor-element elementor-element-cd4d657 elementor-widget elementor-widget-text-editor\" data-id=\"cd4d657\" data-element_type=\"widget\" data-e-type=\"widget\" data-widget_type=\"text-editor.default\">\n\t\t\t\t<div class=\"elementor-widget-container\">\n\t\t\t\t\t\t\t\t\t<p>Klicken Sie auf den Link unten, um den Bericht im PDF-Format herunterzuladen<\/p><p><a href=\"https:\/\/suisse-fibromyalgie.ch\/wp-content\/uploads\/1_Rapport-annuel-2023-signe_D.pdf\" target=\"_blank\" rel=\"noopener\">SFMV Jahresbericht 2023<\/a><\/p>\t\t\t\t\t\t\t\t<\/div>\n\t\t\t\t<\/div>\n\t\t\t\t\t<\/div>\n\t\t<\/div>\n\t\t\t\t\t<\/div>\n\t\t<\/section>\n\t\t\t\t<section class=\"elementor-section elementor-top-section elementor-element elementor-element-9c32a25 elementor-section-boxed elementor-section-height-default elementor-section-height-default\" data-id=\"9c32a25\" data-element_type=\"section\" data-e-type=\"section\">\n\t\t\t\t\t\t<div class=\"elementor-container elementor-column-gap-default\">\n\t\t\t\t\t<div class=\"elementor-column elementor-col-100 elementor-top-column elementor-element elementor-element-7dbcea4\" data-id=\"7dbcea4\" data-element_type=\"column\" data-e-type=\"column\">\n\t\t\t<div class=\"elementor-widget-wrap elementor-element-populated\">\n\t\t\t\t\t\t<div class=\"elementor-element elementor-element-43c138c elementor-widget-divider--view-line elementor-widget elementor-widget-divider\" data-id=\"43c138c\" data-element_type=\"widget\" data-e-type=\"widget\" data-widget_type=\"divider.default\">\n\t\t\t\t<div class=\"elementor-widget-container\">\n\t\t\t\t\t\t\t<div class=\"elementor-divider\">\n\t\t\t<span class=\"elementor-divider-separator\">\n\t\t\t\t\t\t<\/span>\n\t\t<\/div>\n\t\t\t\t\t\t<\/div>\n\t\t\t\t<\/div>\n\t\t\t\t\t<\/div>\n\t\t<\/div>\n\t\t\t\t\t<\/div>\n\t\t<\/section>\n\t\t\t\t<section class=\"elementor-section elementor-top-section elementor-element elementor-element-40b252d elementor-section-boxed elementor-section-height-default elementor-section-height-default\" data-id=\"40b252d\" data-element_type=\"section\" data-e-type=\"section\">\n\t\t\t\t\t\t<div class=\"elementor-container elementor-column-gap-default\">\n\t\t\t\t\t<div class=\"elementor-column elementor-col-50 elementor-top-column elementor-element elementor-element-8a39611\" data-id=\"8a39611\" data-element_type=\"column\" data-e-type=\"column\">\n\t\t\t<div class=\"elementor-widget-wrap elementor-element-populated\">\n\t\t\t\t\t\t<div class=\"elementor-element elementor-element-7832f26 elementor-widget elementor-widget-image\" data-id=\"7832f26\" data-element_type=\"widget\" data-e-type=\"widget\" data-widget_type=\"image.default\">\n\t\t\t\t<div class=\"elementor-widget-container\">\n\t\t\t\t\t\t\t\t\t\t\t\t\t\t\t<img loading=\"lazy\" decoding=\"async\" width=\"724\" height=\"1024\" src=\"https:\/\/suisse-fibromyalgie.ch\/wp-content\/uploads\/ASFM_Rapport-annuel-2022_Page-1.fr_-724x1024.jpg\" class=\"attachment-large size-large wp-image-4074\" alt=\"\" srcset=\"https:\/\/suisse-fibromyalgie.ch\/wp-content\/uploads\/ASFM_Rapport-annuel-2022_Page-1.fr_-724x1024.jpg 724w, https:\/\/suisse-fibromyalgie.ch\/wp-content\/uploads\/ASFM_Rapport-annuel-2022_Page-1.fr_-212x300.jpg 212w, https:\/\/suisse-fibromyalgie.ch\/wp-content\/uploads\/ASFM_Rapport-annuel-2022_Page-1.fr_-768x1086.jpg 768w, https:\/\/suisse-fibromyalgie.ch\/wp-content\/uploads\/ASFM_Rapport-annuel-2022_Page-1.fr_-1086x1536.jpg 1086w, https:\/\/suisse-fibromyalgie.ch\/wp-content\/uploads\/ASFM_Rapport-annuel-2022_Page-1.fr_-8x12.jpg 8w, https:\/\/suisse-fibromyalgie.ch\/wp-content\/uploads\/ASFM_Rapport-annuel-2022_Page-1.fr_.jpg 1241w\" sizes=\"(max-width: 724px) 100vw, 724px\" \/>\t\t\t\t\t\t\t\t\t\t\t\t\t\t\t<\/div>\n\t\t\t\t<\/div>\n\t\t\t\t\t<\/div>\n\t\t<\/div>\n\t\t\t\t<div class=\"elementor-column elementor-col-50 elementor-top-column elementor-element elementor-element-839a7a1\" data-id=\"839a7a1\" data-element_type=\"column\" data-e-type=\"column\">\n\t\t\t<div class=\"elementor-widget-wrap elementor-element-populated\">\n\t\t\t\t\t\t<div class=\"elementor-element elementor-element-b721d17 elementor-widget elementor-widget-text-editor\" data-id=\"b721d17\" data-element_type=\"widget\" data-e-type=\"widget\" data-widget_type=\"text-editor.default\">\n\t\t\t\t<div class=\"elementor-widget-container\">\n\t\t\t\t\t\t\t\t\t<p>Cliquez sur le lien ci-dessous pour t\u00e9l\u00e9charger le rapport en pdf.<\/p><p><a href=\"https:\/\/suisse-fibromyalgie.ch\/wp-content\/uploads\/ASFM_Rapport-annuel-2022.fr_.pdf\" target=\"_blank\" rel=\"noopener\">Rapport annuel 2022<\/a><\/p>\t\t\t\t\t\t\t\t<\/div>\n\t\t\t\t<\/div>\n\t\t\t\t\t<\/div>\n\t\t<\/div>\n\t\t\t\t\t<\/div>\n\t\t<\/section>\n\t\t\t\t<section class=\"elementor-section elementor-top-section elementor-element elementor-element-dd833d9 elementor-section-boxed elementor-section-height-default elementor-section-height-default\" data-id=\"dd833d9\" data-element_type=\"section\" data-e-type=\"section\">\n\t\t\t\t\t\t<div class=\"elementor-container elementor-column-gap-default\">\n\t\t\t\t\t<div class=\"elementor-column elementor-col-50 elementor-top-column elementor-element elementor-element-5e8bed1\" data-id=\"5e8bed1\" data-element_type=\"column\" data-e-type=\"column\">\n\t\t\t<div class=\"elementor-widget-wrap elementor-element-populated\">\n\t\t\t\t\t\t<div class=\"elementor-element elementor-element-304b974 elementor-widget elementor-widget-image\" data-id=\"304b974\" data-element_type=\"widget\" data-e-type=\"widget\" data-widget_type=\"image.default\">\n\t\t\t\t<div class=\"elementor-widget-container\">\n\t\t\t\t\t\t\t\t\t\t\t\t\t\t\t<img loading=\"lazy\" decoding=\"async\" width=\"724\" height=\"1024\" src=\"https:\/\/suisse-fibromyalgie.ch\/wp-content\/uploads\/Rapport-annuel-2022_Page-1.de_-724x1024.jpg\" class=\"attachment-large size-large wp-image-4079\" alt=\"\" srcset=\"https:\/\/suisse-fibromyalgie.ch\/wp-content\/uploads\/Rapport-annuel-2022_Page-1.de_-724x1024.jpg 724w, https:\/\/suisse-fibromyalgie.ch\/wp-content\/uploads\/Rapport-annuel-2022_Page-1.de_-212x300.jpg 212w, https:\/\/suisse-fibromyalgie.ch\/wp-content\/uploads\/Rapport-annuel-2022_Page-1.de_-768x1086.jpg 768w, https:\/\/suisse-fibromyalgie.ch\/wp-content\/uploads\/Rapport-annuel-2022_Page-1.de_-1086x1536.jpg 1086w, https:\/\/suisse-fibromyalgie.ch\/wp-content\/uploads\/Rapport-annuel-2022_Page-1.de_-8x12.jpg 8w, https:\/\/suisse-fibromyalgie.ch\/wp-content\/uploads\/Rapport-annuel-2022_Page-1.de_.jpg 1241w\" sizes=\"(max-width: 724px) 100vw, 724px\" \/>\t\t\t\t\t\t\t\t\t\t\t\t\t\t\t<\/div>\n\t\t\t\t<\/div>\n\t\t\t\t\t<\/div>\n\t\t<\/div>\n\t\t\t\t<div class=\"elementor-column elementor-col-50 elementor-top-column elementor-element elementor-element-656c93d\" data-id=\"656c93d\" data-element_type=\"column\" data-e-type=\"column\">\n\t\t\t<div class=\"elementor-widget-wrap elementor-element-populated\">\n\t\t\t\t\t\t<div class=\"elementor-element elementor-element-0e09082 elementor-widget elementor-widget-text-editor\" data-id=\"0e09082\" data-element_type=\"widget\" data-e-type=\"widget\" data-widget_type=\"text-editor.default\">\n\t\t\t\t<div class=\"elementor-widget-container\">\n\t\t\t\t\t\t\t\t\t<p>Klicken Sie auf den Link unten, um den Bericht im PDF-Format herunterzuladen<\/p><p><a href=\"https:\/\/suisse-fibromyalgie.ch\/wp-content\/uploads\/Rapport-annuel-2022.de_.pdf\" target=\"_blank\" rel=\"noopener\">Jahresbericht 2022.<\/a><\/p>\t\t\t\t\t\t\t\t<\/div>\n\t\t\t\t<\/div>\n\t\t\t\t\t<\/div>\n\t\t<\/div>\n\t\t\t\t\t<\/div>\n\t\t<\/section>\n\t\t\t\t<section class=\"elementor-section elementor-top-section elementor-element elementor-element-8b01794 elementor-section-boxed elementor-section-height-default elementor-section-height-default\" data-id=\"8b01794\" data-element_type=\"section\" data-e-type=\"section\">\n\t\t\t\t\t\t<div class=\"elementor-container elementor-column-gap-default\">\n\t\t\t\t\t<div class=\"elementor-column elementor-col-100 elementor-top-column elementor-element elementor-element-61ca934\" data-id=\"61ca934\" data-element_type=\"column\" data-e-type=\"column\">\n\t\t\t<div class=\"elementor-widget-wrap elementor-element-populated\">\n\t\t\t\t\t\t<div class=\"elementor-element elementor-element-91622d0 elementor-widget-divider--view-line elementor-widget elementor-widget-divider\" data-id=\"91622d0\" data-element_type=\"widget\" data-e-type=\"widget\" data-widget_type=\"divider.default\">\n\t\t\t\t<div class=\"elementor-widget-container\">\n\t\t\t\t\t\t\t<div class=\"elementor-divider\">\n\t\t\t<span class=\"elementor-divider-separator\">\n\t\t\t\t\t\t<\/span>\n\t\t<\/div>\n\t\t\t\t\t\t<\/div>\n\t\t\t\t<\/div>\n\t\t\t\t\t<\/div>\n\t\t<\/div>\n\t\t\t\t\t<\/div>\n\t\t<\/section>\n\t\t\t\t<section class=\"elementor-section elementor-top-section elementor-element elementor-element-5643e1c elementor-section-boxed elementor-section-height-default elementor-section-height-default\" data-id=\"5643e1c\" data-element_type=\"section\" data-e-type=\"section\">\n\t\t\t\t\t\t<div class=\"elementor-container elementor-column-gap-default\">\n\t\t\t\t\t<div class=\"elementor-column elementor-col-50 elementor-top-column elementor-element elementor-element-9399458\" data-id=\"9399458\" data-element_type=\"column\" data-e-type=\"column\">\n\t\t\t<div class=\"elementor-widget-wrap elementor-element-populated\">\n\t\t\t\t\t\t<div class=\"elementor-element elementor-element-2ff2672 elementor-widget elementor-widget-image\" data-id=\"2ff2672\" data-element_type=\"widget\" data-e-type=\"widget\" data-widget_type=\"image.default\">\n\t\t\t\t<div class=\"elementor-widget-container\">\n\t\t\t\t\t\t\t\t\t\t\t\t\t\t\t<img loading=\"lazy\" decoding=\"async\" width=\"645\" height=\"915\" src=\"https:\/\/suisse-fibromyalgie.ch\/wp-content\/uploads\/Rapport-annuel-2021.jpg\" class=\"attachment-large size-large wp-image-3374\" alt=\"\" srcset=\"https:\/\/suisse-fibromyalgie.ch\/wp-content\/uploads\/Rapport-annuel-2021.jpg 645w, https:\/\/suisse-fibromyalgie.ch\/wp-content\/uploads\/Rapport-annuel-2021-211x300.jpg 211w, https:\/\/suisse-fibromyalgie.ch\/wp-content\/uploads\/Rapport-annuel-2021-8x12.jpg 8w\" sizes=\"(max-width: 645px) 100vw, 645px\" \/>\t\t\t\t\t\t\t\t\t\t\t\t\t\t\t<\/div>\n\t\t\t\t<\/div>\n\t\t\t\t\t<\/div>\n\t\t<\/div>\n\t\t\t\t<div class=\"elementor-column elementor-col-50 elementor-top-column elementor-element elementor-element-ab6ae55\" data-id=\"ab6ae55\" data-element_type=\"column\" data-e-type=\"column\">\n\t\t\t<div class=\"elementor-widget-wrap elementor-element-populated\">\n\t\t\t\t\t\t<div class=\"elementor-element elementor-element-f83a799 elementor-widget elementor-widget-text-editor\" data-id=\"f83a799\" data-element_type=\"widget\" data-e-type=\"widget\" data-widget_type=\"text-editor.default\">\n\t\t\t\t<div class=\"elementor-widget-container\">\n\t\t\t\t\t\t\t\t\t<p>Cliquez sur le lien ci-dessous pour t\u00e9l\u00e9charger le rapport en pdf.<\/p><p><a href=\"https:\/\/suisse-fibromyalgie.ch\/wp-content\/uploads\/Rapport-annuel-2021_fr-1.pdf\" target=\"_blank\" rel=\"noopener\">Rapport annuel 2021<\/a><\/p>\t\t\t\t\t\t\t\t<\/div>\n\t\t\t\t<\/div>\n\t\t\t\t\t<\/div>\n\t\t<\/div>\n\t\t\t\t\t<\/div>\n\t\t<\/section>\n\t\t\t\t<section class=\"elementor-section elementor-top-section elementor-element elementor-element-7a12823 elementor-section-boxed elementor-section-height-default elementor-section-height-default\" data-id=\"7a12823\" data-element_type=\"section\" data-e-type=\"section\">\n\t\t\t\t\t\t<div class=\"elementor-container elementor-column-gap-default\">\n\t\t\t\t\t<div class=\"elementor-column elementor-col-50 elementor-top-column elementor-element elementor-element-d18e33b\" data-id=\"d18e33b\" data-element_type=\"column\" data-e-type=\"column\">\n\t\t\t<div class=\"elementor-widget-wrap elementor-element-populated\">\n\t\t\t\t\t\t<div class=\"elementor-element elementor-element-d554e89 elementor-widget elementor-widget-image\" data-id=\"d554e89\" data-element_type=\"widget\" data-e-type=\"widget\" data-widget_type=\"image.default\">\n\t\t\t\t<div class=\"elementor-widget-container\">\n\t\t\t\t\t\t\t\t\t\t\t\t\t\t\t<img loading=\"lazy\" decoding=\"async\" width=\"724\" height=\"1024\" src=\"https:\/\/suisse-fibromyalgie.ch\/wp-content\/uploads\/Rapport-annuel-2021_de_page-1-724x1024.jpg\" class=\"attachment-large size-large wp-image-5688\" alt=\"\" srcset=\"https:\/\/suisse-fibromyalgie.ch\/wp-content\/uploads\/Rapport-annuel-2021_de_page-1-724x1024.jpg 724w, https:\/\/suisse-fibromyalgie.ch\/wp-content\/uploads\/Rapport-annuel-2021_de_page-1-212x300.jpg 212w, https:\/\/suisse-fibromyalgie.ch\/wp-content\/uploads\/Rapport-annuel-2021_de_page-1-768x1086.jpg 768w, https:\/\/suisse-fibromyalgie.ch\/wp-content\/uploads\/Rapport-annuel-2021_de_page-1-1086x1536.jpg 1086w, https:\/\/suisse-fibromyalgie.ch\/wp-content\/uploads\/Rapport-annuel-2021_de_page-1-8x12.jpg 8w, https:\/\/suisse-fibromyalgie.ch\/wp-content\/uploads\/Rapport-annuel-2021_de_page-1.jpg 1240w\" sizes=\"(max-width: 724px) 100vw, 724px\" \/>\t\t\t\t\t\t\t\t\t\t\t\t\t\t\t<\/div>\n\t\t\t\t<\/div>\n\t\t\t\t\t<\/div>\n\t\t<\/div>\n\t\t\t\t<div class=\"elementor-column elementor-col-50 elementor-top-column elementor-element elementor-element-2d99a12\" data-id=\"2d99a12\" data-element_type=\"column\" data-e-type=\"column\">\n\t\t\t<div class=\"elementor-widget-wrap elementor-element-populated\">\n\t\t\t\t\t\t<div class=\"elementor-element elementor-element-c47fea0 elementor-widget elementor-widget-text-editor\" data-id=\"c47fea0\" data-element_type=\"widget\" data-e-type=\"widget\" data-widget_type=\"text-editor.default\">\n\t\t\t\t<div class=\"elementor-widget-container\">\n\t\t\t\t\t\t\t\t\t<p>Klicken Sie auf den Link unten, um den Bericht im PDF-Format herunterzuladen<\/p><p><a href=\"https:\/\/suisse-fibromyalgie.ch\/wp-content\/uploads\/Rapport-annuel-2021_de.pdf\" target=\"_blank\" rel=\"noopener\">SFMV Jahresbericht 2021<\/a><\/p>\t\t\t\t\t\t\t\t<\/div>\n\t\t\t\t<\/div>\n\t\t\t\t\t<\/div>\n\t\t<\/div>\n\t\t\t\t\t<\/div>\n\t\t<\/section>\n\t\t\t\t<section class=\"elementor-section elementor-top-section elementor-element elementor-element-409ddd0 elementor-section-boxed elementor-section-height-default elementor-section-height-default\" data-id=\"409ddd0\" data-element_type=\"section\" data-e-type=\"section\">\n\t\t\t\t\t\t<div class=\"elementor-container elementor-column-gap-default\">\n\t\t\t\t\t<div class=\"elementor-column elementor-col-100 elementor-top-column elementor-element elementor-element-b606f97\" data-id=\"b606f97\" data-element_type=\"column\" data-e-type=\"column\">\n\t\t\t<div class=\"elementor-widget-wrap elementor-element-populated\">\n\t\t\t\t\t\t<div class=\"elementor-element elementor-element-32d56fb elementor-widget-divider--view-line elementor-widget elementor-widget-divider\" data-id=\"32d56fb\" data-element_type=\"widget\" data-e-type=\"widget\" data-widget_type=\"divider.default\">\n\t\t\t\t<div class=\"elementor-widget-container\">\n\t\t\t\t\t\t\t<div class=\"elementor-divider\">\n\t\t\t<span class=\"elementor-divider-separator\">\n\t\t\t\t\t\t<\/span>\n\t\t<\/div>\n\t\t\t\t\t\t<\/div>\n\t\t\t\t<\/div>\n\t\t\t\t\t<\/div>\n\t\t<\/div>\n\t\t\t\t\t<\/div>\n\t\t<\/section>\n\t\t\t\t<section class=\"elementor-section elementor-top-section elementor-element elementor-element-6c575d7 elementor-section-boxed elementor-section-height-default elementor-section-height-default\" data-id=\"6c575d7\" data-element_type=\"section\" data-e-type=\"section\">\n\t\t\t\t\t\t<div class=\"elementor-container elementor-column-gap-default\">\n\t\t\t\t\t<div class=\"elementor-column elementor-col-50 elementor-top-column elementor-element elementor-element-17f2868\" data-id=\"17f2868\" data-element_type=\"column\" data-e-type=\"column\">\n\t\t\t<div class=\"elementor-widget-wrap elementor-element-populated\">\n\t\t\t\t\t\t<div class=\"elementor-element elementor-element-2b5178a elementor-widget elementor-widget-image\" data-id=\"2b5178a\" data-element_type=\"widget\" data-e-type=\"widget\" data-widget_type=\"image.default\">\n\t\t\t\t<div class=\"elementor-widget-container\">\n\t\t\t\t\t\t\t\t\t\t\t\t\t\t\t<img loading=\"lazy\" decoding=\"async\" width=\"724\" height=\"1024\" src=\"https:\/\/suisse-fibromyalgie.ch\/wp-content\/uploads\/Rapport-annuel-2020_fr_1-724x1024.jpg\" class=\"attachment-large size-large wp-image-2796\" alt=\"\" srcset=\"https:\/\/suisse-fibromyalgie.ch\/wp-content\/uploads\/Rapport-annuel-2020_fr_1-724x1024.jpg 724w, https:\/\/suisse-fibromyalgie.ch\/wp-content\/uploads\/Rapport-annuel-2020_fr_1-212x300.jpg 212w, https:\/\/suisse-fibromyalgie.ch\/wp-content\/uploads\/Rapport-annuel-2020_fr_1-768x1086.jpg 768w, https:\/\/suisse-fibromyalgie.ch\/wp-content\/uploads\/Rapport-annuel-2020_fr_1-1086x1536.jpg 1086w, https:\/\/suisse-fibromyalgie.ch\/wp-content\/uploads\/Rapport-annuel-2020_fr_1-8x12.jpg 8w, https:\/\/suisse-fibromyalgie.ch\/wp-content\/uploads\/Rapport-annuel-2020_fr_1.jpg 1241w\" sizes=\"(max-width: 724px) 100vw, 724px\" \/>\t\t\t\t\t\t\t\t\t\t\t\t\t\t\t<\/div>\n\t\t\t\t<\/div>\n\t\t\t\t\t<\/div>\n\t\t<\/div>\n\t\t\t\t<div class=\"elementor-column elementor-col-50 elementor-top-column elementor-element elementor-element-4bea4aa\" data-id=\"4bea4aa\" data-element_type=\"column\" data-e-type=\"column\">\n\t\t\t<div class=\"elementor-widget-wrap elementor-element-populated\">\n\t\t\t\t\t\t<div class=\"elementor-element elementor-element-4a3c71e elementor-widget elementor-widget-text-editor\" data-id=\"4a3c71e\" data-element_type=\"widget\" data-e-type=\"widget\" data-widget_type=\"text-editor.default\">\n\t\t\t\t<div class=\"elementor-widget-container\">\n\t\t\t\t\t\t\t\t\t<p>Cliquez sur le lien ci-dessous pour t\u00e9l\u00e9charger le rapport en pdf.<\/p><p><a href=\"https:\/\/suisse-fibromyalgie.ch\/wp-content\/uploads\/Rapport-annuel-2020_fr_compressed.pdf\" target=\"_blank\" rel=\"noopener\">Rapport annuel 2020<\/a><\/p>\t\t\t\t\t\t\t\t<\/div>\n\t\t\t\t<\/div>\n\t\t\t\t\t<\/div>\n\t\t<\/div>\n\t\t\t\t\t<\/div>\n\t\t<\/section>\n\t\t\t\t<section class=\"elementor-section elementor-top-section elementor-element elementor-element-945ad2c elementor-section-boxed elementor-section-height-default elementor-section-height-default\" data-id=\"945ad2c\" data-element_type=\"section\" data-e-type=\"section\">\n\t\t\t\t\t\t<div class=\"elementor-container elementor-column-gap-default\">\n\t\t\t\t\t<div class=\"elementor-column elementor-col-50 elementor-top-column elementor-element elementor-element-607d101\" data-id=\"607d101\" data-element_type=\"column\" data-e-type=\"column\">\n\t\t\t<div class=\"elementor-widget-wrap elementor-element-populated\">\n\t\t\t\t\t\t<div class=\"elementor-element elementor-element-796db93 elementor-widget elementor-widget-image\" data-id=\"796db93\" data-element_type=\"widget\" data-e-type=\"widget\" data-widget_type=\"image.default\">\n\t\t\t\t<div class=\"elementor-widget-container\">\n\t\t\t\t\t\t\t\t\t\t\t\t\t\t\t<img loading=\"lazy\" decoding=\"async\" width=\"724\" height=\"1024\" src=\"https:\/\/suisse-fibromyalgie.ch\/wp-content\/uploads\/Rapport-annuel-2020_de_1-724x1024.jpg\" class=\"attachment-large size-large wp-image-5686\" alt=\"\" srcset=\"https:\/\/suisse-fibromyalgie.ch\/wp-content\/uploads\/Rapport-annuel-2020_de_1-724x1024.jpg 724w, https:\/\/suisse-fibromyalgie.ch\/wp-content\/uploads\/Rapport-annuel-2020_de_1-212x300.jpg 212w, https:\/\/suisse-fibromyalgie.ch\/wp-content\/uploads\/Rapport-annuel-2020_de_1-768x1086.jpg 768w, https:\/\/suisse-fibromyalgie.ch\/wp-content\/uploads\/Rapport-annuel-2020_de_1-1086x1536.jpg 1086w, https:\/\/suisse-fibromyalgie.ch\/wp-content\/uploads\/Rapport-annuel-2020_de_1-8x12.jpg 8w, https:\/\/suisse-fibromyalgie.ch\/wp-content\/uploads\/Rapport-annuel-2020_de_1.jpg 1241w\" sizes=\"(max-width: 724px) 100vw, 724px\" \/>\t\t\t\t\t\t\t\t\t\t\t\t\t\t\t<\/div>\n\t\t\t\t<\/div>\n\t\t\t\t\t<\/div>\n\t\t<\/div>\n\t\t\t\t<div class=\"elementor-column elementor-col-50 elementor-top-column elementor-element elementor-element-fa1fb6e\" data-id=\"fa1fb6e\" data-element_type=\"column\" data-e-type=\"column\">\n\t\t\t<div class=\"elementor-widget-wrap elementor-element-populated\">\n\t\t\t\t\t\t<div class=\"elementor-element elementor-element-194c42d elementor-widget elementor-widget-text-editor\" data-id=\"194c42d\" data-element_type=\"widget\" data-e-type=\"widget\" data-widget_type=\"text-editor.default\">\n\t\t\t\t<div class=\"elementor-widget-container\">\n\t\t\t\t\t\t\t\t\t<p>Klicken Sie auf den Link unten, um den Bericht im PDF-Format herunterzuladen<\/p><p><a href=\"https:\/\/suisse-fibromyalgie.ch\/wp-content\/uploads\/Rapport-annuel-2020_de.pdf\" target=\"_blank\" rel=\"noopener\">SFMV Jahrebericht 2020<\/a><\/p>\t\t\t\t\t\t\t\t<\/div>\n\t\t\t\t<\/div>\n\t\t\t\t\t<\/div>\n\t\t<\/div>\n\t\t\t\t\t<\/div>\n\t\t<\/section>\n\t\t\t\t<section class=\"elementor-section elementor-top-section elementor-element elementor-element-e00105c elementor-section-boxed elementor-section-height-default elementor-section-height-default\" data-id=\"e00105c\" data-element_type=\"section\" data-e-type=\"section\">\n\t\t\t\t\t\t<div class=\"elementor-container elementor-column-gap-default\">\n\t\t\t\t\t<div class=\"elementor-column elementor-col-100 elementor-top-column elementor-element elementor-element-23e85fa\" data-id=\"23e85fa\" data-element_type=\"column\" data-e-type=\"column\">\n\t\t\t<div class=\"elementor-widget-wrap elementor-element-populated\">\n\t\t\t\t\t\t<div class=\"elementor-element elementor-element-e0f4426 elementor-widget-divider--view-line elementor-widget elementor-widget-divider\" data-id=\"e0f4426\" data-element_type=\"widget\" data-e-type=\"widget\" data-widget_type=\"divider.default\">\n\t\t\t\t<div class=\"elementor-widget-container\">\n\t\t\t\t\t\t\t<div class=\"elementor-divider\">\n\t\t\t<span class=\"elementor-divider-separator\">\n\t\t\t\t\t\t<\/span>\n\t\t<\/div>\n\t\t\t\t\t\t<\/div>\n\t\t\t\t<\/div>\n\t\t\t\t\t<\/div>\n\t\t<\/div>\n\t\t\t\t\t<\/div>\n\t\t<\/section>\n\t\t\t\t<section class=\"elementor-section elementor-top-section elementor-element elementor-element-1b199a2 elementor-section-boxed elementor-section-height-default elementor-section-height-default\" data-id=\"1b199a2\" data-element_type=\"section\" data-e-type=\"section\">\n\t\t\t\t\t\t<div class=\"elementor-container elementor-column-gap-default\">\n\t\t\t\t\t<div class=\"elementor-column elementor-col-50 elementor-top-column elementor-element elementor-element-6ce7652\" data-id=\"6ce7652\" data-element_type=\"column\" data-e-type=\"column\">\n\t\t\t<div class=\"elementor-widget-wrap elementor-element-populated\">\n\t\t\t\t\t\t<div class=\"elementor-element elementor-element-0353e6d elementor-widget elementor-widget-image\" data-id=\"0353e6d\" data-element_type=\"widget\" data-e-type=\"widget\" data-widget_type=\"image.default\">\n\t\t\t\t<div class=\"elementor-widget-container\">\n\t\t\t\t\t\t\t\t\t\t\t\t\t\t\t<img loading=\"lazy\" decoding=\"async\" width=\"646\" height=\"916\" src=\"https:\/\/suisse-fibromyalgie.ch\/wp-content\/uploads\/Rapport-annuel-2019.jpg\" class=\"attachment-large size-large wp-image-3376\" alt=\"\" srcset=\"https:\/\/suisse-fibromyalgie.ch\/wp-content\/uploads\/Rapport-annuel-2019.jpg 646w, https:\/\/suisse-fibromyalgie.ch\/wp-content\/uploads\/Rapport-annuel-2019-212x300.jpg 212w, https:\/\/suisse-fibromyalgie.ch\/wp-content\/uploads\/Rapport-annuel-2019-8x12.jpg 8w\" sizes=\"(max-width: 646px) 100vw, 646px\" \/>\t\t\t\t\t\t\t\t\t\t\t\t\t\t\t<\/div>\n\t\t\t\t<\/div>\n\t\t\t\t\t<\/div>\n\t\t<\/div>\n\t\t\t\t<div class=\"elementor-column elementor-col-50 elementor-top-column elementor-element elementor-element-ca49398\" data-id=\"ca49398\" data-element_type=\"column\" data-e-type=\"column\">\n\t\t\t<div class=\"elementor-widget-wrap elementor-element-populated\">\n\t\t\t\t\t\t<div class=\"elementor-element elementor-element-2294b6b elementor-widget elementor-widget-text-editor\" data-id=\"2294b6b\" data-element_type=\"widget\" data-e-type=\"widget\" data-widget_type=\"text-editor.default\">\n\t\t\t\t<div class=\"elementor-widget-container\">\n\t\t\t\t\t\t\t\t\t<p>Cliquez sur le lien ci-dessous pour t\u00e9l\u00e9charger le rapport en pdf.<\/p><p><a href=\"https:\/\/suisse-fibromyalgie.ch\/wp-content\/uploads\/ASFM-Rapport-annuel-2019-1.pdf\" target=\"_blank\" rel=\"noopener\">Rapport annuel 2019<\/a><\/p>\t\t\t\t\t\t\t\t<\/div>\n\t\t\t\t<\/div>\n\t\t\t\t\t<\/div>\n\t\t<\/div>\n\t\t\t\t\t<\/div>\n\t\t<\/section>\n\t\t\t\t<section class=\"elementor-section elementor-top-section elementor-element elementor-element-6716045 elementor-section-boxed elementor-section-height-default elementor-section-height-default\" data-id=\"6716045\" data-element_type=\"section\" data-e-type=\"section\">\n\t\t\t\t\t\t<div class=\"elementor-container elementor-column-gap-default\">\n\t\t\t\t\t<div class=\"elementor-column elementor-col-50 elementor-top-column elementor-element elementor-element-9a8c40c\" data-id=\"9a8c40c\" data-element_type=\"column\" data-e-type=\"column\">\n\t\t\t<div class=\"elementor-widget-wrap elementor-element-populated\">\n\t\t\t\t\t\t<div class=\"elementor-element elementor-element-d50fd0a elementor-widget elementor-widget-image\" data-id=\"d50fd0a\" data-element_type=\"widget\" data-e-type=\"widget\" data-widget_type=\"image.default\">\n\t\t\t\t<div class=\"elementor-widget-container\">\n\t\t\t\t\t\t\t\t\t\t\t\t\t\t\t<img loading=\"lazy\" decoding=\"async\" width=\"724\" height=\"1024\" src=\"https:\/\/suisse-fibromyalgie.ch\/wp-content\/uploads\/SFMV-Jahresbericht-2019_page-1-724x1024.jpg\" class=\"attachment-large size-large wp-image-5680\" alt=\"\" srcset=\"https:\/\/suisse-fibromyalgie.ch\/wp-content\/uploads\/SFMV-Jahresbericht-2019_page-1-724x1024.jpg 724w, https:\/\/suisse-fibromyalgie.ch\/wp-content\/uploads\/SFMV-Jahresbericht-2019_page-1-212x300.jpg 212w, https:\/\/suisse-fibromyalgie.ch\/wp-content\/uploads\/SFMV-Jahresbericht-2019_page-1-768x1086.jpg 768w, https:\/\/suisse-fibromyalgie.ch\/wp-content\/uploads\/SFMV-Jahresbericht-2019_page-1-1086x1536.jpg 1086w, https:\/\/suisse-fibromyalgie.ch\/wp-content\/uploads\/SFMV-Jahresbericht-2019_page-1-8x12.jpg 8w, https:\/\/suisse-fibromyalgie.ch\/wp-content\/uploads\/SFMV-Jahresbericht-2019_page-1.jpg 1240w\" sizes=\"(max-width: 724px) 100vw, 724px\" \/>\t\t\t\t\t\t\t\t\t\t\t\t\t\t\t<\/div>\n\t\t\t\t<\/div>\n\t\t\t\t\t<\/div>\n\t\t<\/div>\n\t\t\t\t<div class=\"elementor-column elementor-col-50 elementor-top-column elementor-element elementor-element-d3554e8\" data-id=\"d3554e8\" data-element_type=\"column\" data-e-type=\"column\">\n\t\t\t<div class=\"elementor-widget-wrap elementor-element-populated\">\n\t\t\t\t\t\t<div class=\"elementor-element elementor-element-378686d elementor-widget elementor-widget-text-editor\" data-id=\"378686d\" data-element_type=\"widget\" data-e-type=\"widget\" data-widget_type=\"text-editor.default\">\n\t\t\t\t<div class=\"elementor-widget-container\">\n\t\t\t\t\t\t\t\t\t<p>Klicken Sie auf den Link unten, um den Bericht im PDF-Format herunterzuladen<\/p><p><a href=\"https:\/\/suisse-fibromyalgie.ch\/wp-content\/uploads\/SFMV-Jahresbericht-2019_de_220420.docx\" target=\"_blank\" rel=\"noopener\">SFMV Jahresbericht 2019<\/a><\/p>\t\t\t\t\t\t\t\t<\/div>\n\t\t\t\t<\/div>\n\t\t\t\t\t<\/div>\n\t\t<\/div>\n\t\t\t\t\t<\/div>\n\t\t<\/section>\n\t\t\t\t<\/div>\n\t\t","protected":false},"excerpt":{"rendered":"<p>Cliquez sur le lien ci-dessous pour t\u00e9l\u00e9charger le rapport en pdf. Rapport annuel 2024 Cliquez sur le lien ci-dessous pour t\u00e9l\u00e9charger le rapport en pdf. Rapport annuel 2023 Klicken Sie [&hellip;]<\/p>\n","protected":false},"author":1,"featured_media":0,"comment_status":"open","ping_status":"open","sticky":false,"template":"","format":"standard","meta":{"footnotes":""},"categories":[38],"tags":[],"class_list":["post-48","post","type-post","status-publish","format-standard","hentry","category-association"],"publishpress_future_action":{"enabled":false,"date":"2026-05-09 15:01:38","action":"change-status","newStatus":"draft","terms":[],"taxonomy":"category","extraData":[]},"publishpress_future_workflow_manual_trigger":{"enabledWorkflows":[]},"_links":{"self":[{"href":"http:\/\/suisse-fibromyalgie.ch\/fr\/wp-json\/wp\/v2\/posts\/48","targetHints":{"allow":["GET"]}}],"collection":[{"href":"http:\/\/suisse-fibromyalgie.ch\/fr\/wp-json\/wp\/v2\/posts"}],"about":[{"href":"http:\/\/suisse-fibromyalgie.ch\/fr\/wp-json\/wp\/v2\/types\/post"}],"author":[{"embeddable":true,"href":"http:\/\/suisse-fibromyalgie.ch\/fr\/wp-json\/wp\/v2\/users\/1"}],"replies":[{"embeddable":true,"href":"http:\/\/suisse-fibromyalgie.ch\/fr\/wp-json\/wp\/v2\/comments?post=48"}],"version-history":[{"count":3,"href":"http:\/\/suisse-fibromyalgie.ch\/fr\/wp-json\/wp\/v2\/posts\/48\/revisions"}],"predecessor-version":[{"id":8664,"href":"http:\/\/suisse-fibromyalgie.ch\/fr\/wp-json\/wp\/v2\/posts\/48\/revisions\/8664"}],"wp:attachment":[{"href":"http:\/\/suisse-fibromyalgie.ch\/fr\/wp-json\/wp\/v2\/media?parent=48"}],"wp:term":[{"taxonomy":"category","embeddable":true,"href":"http:\/\/suisse-fibromyalgie.ch\/fr\/wp-json\/wp\/v2\/categories?post=48"},{"taxonomy":"post_tag","embeddable":true,"href":"http:\/\/suisse-fibromyalgie.ch\/fr\/wp-json\/wp\/v2\/tags?post=48"}],"curies":[{"name":"wp","href":"https:\/\/api.w.org\/{rel}","templated":true}]}}