{"id":9026,"global_id":"suisse-fibromyalgie.ch\/fr?id=9026","global_id_lineage":["suisse-fibromyalgie.ch\/fr?id=9026"],"author":"1","status":"publish","date":"2026-02-04 17:09:01","date_utc":"2026-02-04 16:09:01","modified":"2026-02-18 17:27:47","modified_utc":"2026-02-18 16:27:47","url":"http:\/\/suisse-fibromyalgie.ch\/fr\/evenement\/atelier-cap-sur-la-confiance\/","rest_url":"http:\/\/suisse-fibromyalgie.ch\/fr\/wp-json\/tribe\/events\/v1\/events\/9026","title":"Atelier \u00ab\u00a0Cap sur la confiance\u00a0\u00bb","description":"<p><img fetchpriority=\"high\" decoding=\"async\" class=\"alignnone wp-image-9205 size-full\" src=\"https:\/\/suisse-fibromyalgie.ch\/wp-content\/uploads\/flyer-texte-et-collage-cap-sur-la-confiance.jpg\" alt=\"\" width=\"1754\" height=\"1240\" \/><\/p>\n<p>Pour t\u00e9l\u00e9charger le flyer au format PDF, cliquez sur le lien ci-dessous :<\/p>\n<p><a href=\"https:\/\/suisse-fibromyalgie.ch\/wp-content\/uploads\/flyer-texte-et-collage-cap-sur-la-confiance.pdf\" target=\"_blank\" rel=\"noopener\">Flyer cap sur la confiance<\/a><\/p>\n<p>Pour t\u00e9l\u00e9charger le bulletin d&rsquo;inscription au format PDF, cliquez sur le lien ci-dessous :<\/p>\n<p><a href=\"https:\/\/suisse-fibromyalgie.ch\/wp-content\/uploads\/Bulletin-dinscription-atelier-1.pdf\">Bulletin d&rsquo;inscription atelier<\/a><\/p>","excerpt":"","slug":"atelier-cap-sur-la-confiance","image":false,"all_day":false,"start_date":"2026-11-07 10:00:00","start_date_details":{"year":"2026","month":"11","day":"07","hour":"10","minutes":"00","seconds":"00"},"end_date":"2026-11-07 16:30:00","end_date_details":{"year":"2026","month":"11","day":"07","hour":"16","minutes":"30","seconds":"00"},"utc_start_date":"2026-11-07 09:00:00","utc_start_date_details":{"year":"2026","month":"11","day":"07","hour":"09","minutes":"00","seconds":"00"},"utc_end_date":"2026-11-07 15:30:00","utc_end_date_details":{"year":"2026","month":"11","day":"07","hour":"15","minutes":"30","seconds":"00"},"timezone":"Europe\/Zurich","timezone_abbr":"CET","cost":"CHF 40","cost_details":{"currency_symbol":"CHF ","currency_code":"USD","currency_position":"prefix","values":["40"]},"website":"","show_map":true,"show_map_link":true,"hide_from_listings":false,"sticky":false,"featured":false,"categories":[],"tags":[],"venue":{"id":9027,"author":"1","status":"publish","date":"2026-02-04 17:07:53","date_utc":"2026-02-04 16:07:53","modified":"2026-02-04 17:07:53","modified_utc":"2026-02-04 16:07:53","url":"http:\/\/suisse-fibromyalgie.ch\/fr\/lieu\/centre-therapies-et-bien-etre\/","venue":"Centre th\u00e9rapies et bien-\u00eatre","slug":"centre-therapies-et-bien-etre","address":"Rue Charles-L'Eplattenier 1","city":"Les Geneveys-sur-Coffrane","country":"Switzerland","province":"Neuch\u00e2tel","zip":"2206","website":"https:\/\/therapiesvdr.ch\/","stateprovince":"Neuch\u00e2tel","json_ld":{"@type":"Place","name":"Centre th\u00e9rapies et bien-\u00eatre","description":"","url":"","address":{"@type":"PostalAddress","streetAddress":"Rue Charles-L&#039;Eplattenier 1","addressLocality":"Les Geneveys-sur-Coffrane","addressRegion":"Neuch\u00e2tel","postalCode":"2206","addressCountry":"Switzerland"},"telephone":"","sameAs":"https:\/\/therapiesvdr.ch\/"},"show_map":true,"show_map_link":true,"global_id":"suisse-fibromyalgie.ch\/fr?id=9027","global_id_lineage":["suisse-fibromyalgie.ch\/fr?id=9027"]},"organizer":[{"id":2316,"author":"1","status":"publish","date":"2021-07-08 18:05:11","date_utc":"2021-07-08 16:05:11","modified":"2021-07-08 18:05:11","modified_utc":"2021-07-08 16:05:11","url":"http:\/\/suisse-fibromyalgie.ch\/fr\/organisateur\/asfm\/","organizer":"ASFM","slug":"asfm","phone":"024 425 95 75","website":"https:\/\/suisse-fibromyalgie.ch","email":"info@suisse-fibromyalgie.ch","json_ld":{"@type":"Person","name":"ASFM","description":"","url":"https:\/\/suisse-fibromyalgie.ch","telephone":"024 425 95 75","email":"i&#110;fo&#64;s&#117;iss&#101;&#45;f&#105;&#98;&#114;o&#109;&#121;a&#108;gie&#46;c&#104;","sameAs":"https:\/\/suisse-fibromyalgie.ch"},"global_id":"suisse-fibromyalgie.ch\/fr?id=2316","global_id_lineage":["suisse-fibromyalgie.ch\/fr?id=2316"]}],"custom_fields":[],"json_ld":{"@context":"http:\/\/schema.org","@type":"Event","name":"Atelier \u00ab\u00a0Cap sur la confiance\u00a0\u00bb","description":"&lt;p&gt;Pour t\u00e9l\u00e9charger le flyer au format PDF, cliquez sur le lien ci-dessous : Flyer cap sur la confiance Pour t\u00e9l\u00e9charger le bulletin d\\'inscription au format PDF, cliquez sur le lien [&hellip;]&lt;\/p&gt;\\n","url":"http:\/\/suisse-fibromyalgie.ch\/fr\/evenement\/atelier-cap-sur-la-confiance\/","eventAttendanceMode":"https:\/\/schema.org\/OfflineEventAttendanceMode","eventStatus":"https:\/\/schema.org\/EventScheduled","startDate":"2026-11-07T10:00:00+01:00","endDate":"2026-11-07T16:30:00+01:00","location":{"@type":"Place","name":"Centre th\u00e9rapies et bien-\u00eatre","description":"","url":"","address":{"@type":"PostalAddress","streetAddress":"Rue Charles-L&#039;Eplattenier 1","addressLocality":"Les Geneveys-sur-Coffrane","addressRegion":"Neuch\u00e2tel","postalCode":"2206","addressCountry":"Switzerland"},"telephone":"","sameAs":"https:\/\/therapiesvdr.ch\/"},"organizer":{"@type":"Person","name":"ASFM","description":"","url":"https:\/\/suisse-fibromyalgie.ch","telephone":"024 425 95 75","email":"info&#64;&#115;ui&#115;&#115;&#101;&#45;fi&#98;rom&#121;&#97;&#108;&#103;i&#101;.c&#104;","sameAs":"https:\/\/suisse-fibromyalgie.ch"},"offers":{"@type":"Offer","price":"40","priceCurrency":"USD","url":"http:\/\/suisse-fibromyalgie.ch\/fr\/evenement\/atelier-cap-sur-la-confiance\/","category":"primary","availability":"inStock","validFrom":"2026-02-04T00:00:00+00:00"},"performer":"Organization"}}