{"id":3808,"date":"2023-04-10T09:42:10","date_gmt":"2023-04-10T07:42:10","guid":{"rendered":"https:\/\/suisse-fibromyalgie.ch\/?p=3808"},"modified":"2025-01-11T13:57:28","modified_gmt":"2025-01-11T12:57:28","slug":"le-corps-est-un-contenant-de-vie-la-respiration-en-maintient-lequilibre","status":"publish","type":"post","link":"http:\/\/suisse-fibromyalgie.ch\/de\/le-corps-est-un-contenant-de-vie-la-respiration-en-maintient-lequilibre\/","title":{"rendered":"Der K\u00f6rper ist ein Beh\u00e4lter des Lebens, die Atmung h\u00e4lt ihn im Gleichgewicht."},"content":{"rendered":"<div data-elementor-type=\"wp-post\" data-elementor-id=\"3808\" class=\"elementor elementor-3808\" data-elementor-post-type=\"post\">\n\t\t\t\t\t\t<section class=\"elementor-section elementor-top-section elementor-element elementor-element-4e53382 elementor-section-boxed elementor-section-height-default elementor-section-height-default\" data-id=\"4e53382\" data-element_type=\"section\" data-e-type=\"section\">\n\t\t\t\t\t\t<div class=\"elementor-container elementor-column-gap-default\">\n\t\t\t\t\t<div class=\"elementor-column elementor-col-100 elementor-top-column elementor-element elementor-element-6f94a1e\" data-id=\"6f94a1e\" data-element_type=\"column\" data-e-type=\"column\">\n\t\t\t<div class=\"elementor-widget-wrap elementor-element-populated\">\n\t\t\t\t\t\t<div class=\"elementor-element elementor-element-9c00917 elementor-widget elementor-widget-text-editor\" data-id=\"9c00917\" data-element_type=\"widget\" data-e-type=\"widget\" data-widget_type=\"text-editor.default\">\n\t\t\t\t<div class=\"elementor-widget-container\">\n\t\t\t\t\t\t\t\t\t<p>Unser K\u00f6rper befindet sich in einem st\u00e4ndigen Chaos, das von verschiedenen inneren und \u00e4u\u00dferen Parametern und in einer bestimmten Intensit\u00e4t beeinflusst wird.<\/p><p>Das Gleichgewicht besteht darin, diese Intensit\u00e4t beizubehalten, weder zu stark noch zu schwach, um unseren Organismus bei der Nutzung dieses Chaos in Anpassungsf\u00e4higkeit und Spontaneit\u00e4t des Lebendigen zu best\u00e4rken.<\/p><p>Das bewusste Atmen ist ein Zugang zu diesem Chaos des K\u00f6rpers, der biologisch, physiologisch und psychisch mit dem Herz-Kreislauf-System, mit der kortikalen Aktivit\u00e4t und der Stimulierung neurohormonaler und immunologischer Substanzen synchronisiert ist. Dieser Zugang ist 400 Millionen Jahre alt und war und ist unser Existenzgrund.<\/p><p>\u00a0<\/p><p>Zu lernen, diese Atmung auf wohltuende Weise zu beeinflussen, bedeutet, dieses uralte Prinzip wieder einzusetzen. Es bedeutet, einen Mechanismus der Anpassung unseres Lebens an das Lebendige, das uns geformt hat, zu st\u00e4rken, eine k\u00f6rperliche Beziehung zur Natur und zu unserer Natur.<\/p><p>\u00a0<\/p><p>Die bewusste Atmung ist daher der erste Hebel der Gesundheitsvorsorge, um uns zu beruhigen, zu entlasten und zu st\u00e4rken, auf nat\u00fcrliche und selbstst\u00e4ndige Weise.<\/p><p>Bei dieser Gelegenheit freue ich mich, Ihnen die baldige Ver\u00f6ffentlichung meines Buches \"Atemtherapie\" ank\u00fcndigen zu k\u00f6nnen. Ein Leitfaden, der mehr als ein Buch ist, um Sie f\u00fcr die Rolle der Atmung auf unseren Stoffwechsel zu sensibilisieren, und 10 herunterladbare Audiotracks mit thematischen \u00dcbungen wie: \"Ich muss mich beruhigen\", \"Ich muss meine Muskelverspannungen l\u00f6sen\" oder \"Ich muss meine Immunit\u00e4t st\u00e4rken\".<\/p><p>Sie finden das Buch, wenn Sie auf den folgenden Link klicken:<\/p><p><a href=\"https:\/\/bit.ly\/3MhbMoF\" target=\"_blank\" rel=\"noopener\">Atemtherapie<\/a><\/p><p>Yves-Vincent DAVROUX<\/p><p>Respirologe - Atmungstherapeut<\/p><p>Gr\u00fcnder der ersten franz\u00f6sischen Schule f\u00fcr therapeutisches Atmen<\/p>\t\t\t\t\t\t\t\t<\/div>\n\t\t\t\t<\/div>\n\t\t\t\t\t<\/div>\n\t\t<\/div>\n\t\t\t\t\t<\/div>\n\t\t<\/section>\n\t\t\t\t<\/div>","protected":false},"excerpt":{"rendered":"<p>Notre corps est en chaos constant, sous l\u2019influence de divers param\u00e8tres, internes et externes et\u00a0selon une certaine intensit\u00e9. L\u2019\u00e9quilibre consiste \u00e0 maintenir cette intensit\u00e9, ni trop forte, ni trop faible, [&hellip;]<\/p>\n","protected":false},"author":1,"featured_media":3809,"comment_status":"open","ping_status":"open","sticky":false,"template":"","format":"standard","meta":{"footnotes":""},"categories":[19],"tags":[],"class_list":["post-3808","post","type-post","status-publish","format-standard","has-post-thumbnail","hentry","category-litterature"],"publishpress_future_action":{"enabled":false,"date":"2026-05-09 00:18:04","action":"change-status","newStatus":"draft","terms":[],"taxonomy":"category","extraData":[]},"publishpress_future_workflow_manual_trigger":{"enabledWorkflows":[]},"_links":{"self":[{"href":"http:\/\/suisse-fibromyalgie.ch\/de\/wp-json\/wp\/v2\/posts\/3808","targetHints":{"allow":["GET"]}}],"collection":[{"href":"http:\/\/suisse-fibromyalgie.ch\/de\/wp-json\/wp\/v2\/posts"}],"about":[{"href":"http:\/\/suisse-fibromyalgie.ch\/de\/wp-json\/wp\/v2\/types\/post"}],"author":[{"embeddable":true,"href":"http:\/\/suisse-fibromyalgie.ch\/de\/wp-json\/wp\/v2\/users\/1"}],"replies":[{"embeddable":true,"href":"http:\/\/suisse-fibromyalgie.ch\/de\/wp-json\/wp\/v2\/comments?post=3808"}],"version-history":[{"count":1,"href":"http:\/\/suisse-fibromyalgie.ch\/de\/wp-json\/wp\/v2\/posts\/3808\/revisions"}],"predecessor-version":[{"id":7457,"href":"http:\/\/suisse-fibromyalgie.ch\/de\/wp-json\/wp\/v2\/posts\/3808\/revisions\/7457"}],"wp:featuredmedia":[{"embeddable":true,"href":"http:\/\/suisse-fibromyalgie.ch\/de\/wp-json\/wp\/v2\/media\/3809"}],"wp:attachment":[{"href":"http:\/\/suisse-fibromyalgie.ch\/de\/wp-json\/wp\/v2\/media?parent=3808"}],"wp:term":[{"taxonomy":"category","embeddable":true,"href":"http:\/\/suisse-fibromyalgie.ch\/de\/wp-json\/wp\/v2\/categories?post=3808"},{"taxonomy":"post_tag","embeddable":true,"href":"http:\/\/suisse-fibromyalgie.ch\/de\/wp-json\/wp\/v2\/tags?post=3808"}],"curies":[{"name":"wp","href":"https:\/\/api.w.org\/{rel}","templated":true}]}}